{"id":134576,"date":"2018-01-07T15:10:28","date_gmt":"2018-01-07T13:10:28","guid":{"rendered":"https:\/\/www.sana.sy\/tr\/?p=134576"},"modified":"2018-01-08T14:14:19","modified_gmt":"2018-01-08T12:14:19","slug":"ihlallerinde-cocuklar-da-yaralandi","status":"publish","type":"post","link":"https:\/\/archive.sana.sy\/tr\/?p=134576","title":{"rendered":"\u0130hlallerinde \u00c7ocuklar da Yaraland\u0131"},"content":{"rendered":"<p>\u0130LLER \u2013 Eli kanl\u0131 ter\u00f6r \u00f6rg\u00fctlerin gerilimi azaltma b\u00f6lgeleri anla\u015fmas\u0131na ihlalleri ve sivil yerle\u015fim alanlar\u0131na geli\u015fig\u00fczel f\u00fcze sald\u0131r\u0131lar\u0131 sonucunda bug\u00fcn isabet alan masum sivillerin aras\u0131nda \u00e7ocuklar da yer ald\u0131.<\/p>\n<p><span style=\"color: #0000ff\">\u015eAM KIRSALI:<\/span><\/p>\n<p>\u015eam \u00c7evre Kent \u0130l Emniyet M\u00fcd\u00fcrl\u00fc\u011f\u00fcnde bir yetkili Do\u011fu \u011euta\u2019n\u0131n derinliklerinde bulunan ve belli ba\u015fl\u0131 devletlerin talimatlar\u0131yla hareket eden eli kanl\u0131 ter\u00f6r \u00f6rg\u00fctlerin bug\u00fcn Vafidin yerle\u015fim b\u00f6lgesine yine f\u00fczelerle sald\u0131rd\u0131klar\u0131n\u0131 belirtti.<\/p>\n<p>Yetkili iki k\u00fc\u00e7\u00fck \u00e7ocu\u011fun yaraland\u0131klar\u0131 gaddar f\u00fcze sald\u0131r\u0131lar\u0131nda vatanda\u015flar\u0131n evlerinde de maddi hasar meydana geldi\u011fini s\u00f6yledi.<\/p>\n<p>Yetkili ordu birliklerimizin sald\u0131rgan ter\u00f6ristlere kar\u015f\u0131l\u0131k verdi\u011fini ve Do\u011fu \u011euta\u2019n\u0131n derinliklerinde bir\u00e7ok f\u00fcze bataryas\u0131n\u0131 ter\u00f6rist ekipleriyle birlikte imha ettiklerini ifade etti.<\/p>\n<p><span style=\"color: #0000ff\">KUNAYTRA:<\/span><\/p>\n<p>Di\u011fer yandan SANA\u2019n\u0131n Kunaytra Muhabiri, Kunaytra\u2019n\u0131n bat\u0131 k\u0131rsal\u0131 Hmeydiye Kasabas\u0131\u2019nda konumlanan \u0130srail destekli ter\u00f6ristlerin Kunaytra\u2019n\u0131n el Baas Kentine f\u00fcze sald\u0131r\u0131lar\u0131n\u0131 tekrarlad\u0131\u011f\u0131n\u0131 belirtti.<\/p>\n<p>Muhabir ter\u00f6r sald\u0131r\u0131lar\u0131 sonucunda be\u015feri isabetler olmazken, maddi hasar meydana geldi\u011fini s\u00f6yledi.<\/p>\n","protected":false},"excerpt":{"rendered":"<p>\u0130LLER \u2013 Eli kanl\u0131 ter\u00f6r \u00f6rg\u00fctlerin gerilimi azaltma b\u00f6lgeleri anla\u015fmas\u0131na ihlalleri ve sivil yerle\u015fim alanlar\u0131na geli\u015fig\u00fczel f\u00fcze sald\u0131r\u0131lar\u0131 sonucunda bug\u00fcn isabet alan masum sivillerin aras\u0131nda \u00e7ocuklar da yer ald\u0131. \u015eAM KIRSALI: \u015eam \u00c7evre Kent \u0130l Emniyet M\u00fcd\u00fcrl\u00fc\u011f\u00fcnde bir yetkili Do\u011fu \u011euta\u2019n\u0131n derinliklerinde bulunan ve belli ba\u015fl\u0131 devletlerin talimatlar\u0131yla hareket eden eli kanl\u0131 ter\u00f6r \u00f6rg\u00fctlerin bug\u00fcn &hellip;<\/p>\n","protected":false},"author":1,"featured_media":134582,"comment_status":"closed","ping_status":"closed","sticky":false,"template":"","format":"standard","meta":{"footnotes":""},"categories":[479,575,17988,478],"tags":[2297,18174,24111,32298,19034],"class_list":["post-134576","post","type-post","status-publish","format-standard","has-post-thumbnail","","category-haberler-yerel","category-olaylar-ve-gercekler","category-son-haberler","category-yerel","tag-sam-kirsali","tag-sivillere-saldiri","tag-sivilleri-bombaladi","tag-sivilleri-olduruyor","tag-suriyeli-muhalifler"],"_links":{"self":[{"href":"https:\/\/archive.sana.sy\/tr\/index.php?rest_route=\/wp\/v2\/posts\/134576","targetHints":{"allow":["GET"]}}],"collection":[{"href":"https:\/\/archive.sana.sy\/tr\/index.php?rest_route=\/wp\/v2\/posts"}],"about":[{"href":"https:\/\/archive.sana.sy\/tr\/index.php?rest_route=\/wp\/v2\/types\/post"}],"author":[{"embeddable":true,"href":"https:\/\/archive.sana.sy\/tr\/index.php?rest_route=\/wp\/v2\/users\/1"}],"replies":[{"embeddable":true,"href":"https:\/\/archive.sana.sy\/tr\/index.php?rest_route=%2Fwp%2Fv2%2Fcomments&post=134576"}],"version-history":[{"count":0,"href":"https:\/\/archive.sana.sy\/tr\/index.php?rest_route=\/wp\/v2\/posts\/134576\/revisions"}],"wp:featuredmedia":[{"embeddable":true,"href":"https:\/\/archive.sana.sy\/tr\/index.php?rest_route=\/wp\/v2\/media\/134582"}],"wp:attachment":[{"href":"https:\/\/archive.sana.sy\/tr\/index.php?rest_route=%2Fwp%2Fv2%2Fmedia&parent=134576"}],"wp:term":[{"taxonomy":"category","embeddable":true,"href":"https:\/\/archive.sana.sy\/tr\/index.php?rest_route=%2Fwp%2Fv2%2Fcategories&post=134576"},{"taxonomy":"post_tag","embeddable":true,"href":"https:\/\/archive.sana.sy\/tr\/index.php?rest_route=%2Fwp%2Fv2%2Ftags&post=134576"}],"curies":[{"name":"wp","href":"https:\/\/api.w.org\/{rel}","templated":true}]}}