{"id":134591,"date":"2018-01-07T16:37:02","date_gmt":"2018-01-07T14:37:02","guid":{"rendered":"https:\/\/www.sana.sy\/tr\/?p=134591"},"modified":"2018-01-08T12:53:25","modified_gmt":"2018-01-08T10:53:25","slug":"erdogan-rejiminin-planlarini-daha-cok-desifre-etmeye-cagirdi","status":"publish","type":"post","link":"https:\/\/archive.sana.sy\/tr\/?p=134591","title":{"rendered":"Erdo\u011fan Rejiminin Planlar\u0131n\u0131 Daha \u00c7ok De\u015fifre Etmeye \u00c7a\u011f\u0131rd\u0131"},"content":{"rendered":"<p>\u015eAM \u2013 Filistin Halk\u0131na Destek ve Siyonist Planlarla M\u00fccadele Suriye Halk Komitesi Filistin topraklar\u0131n\u0131n tamamen i\u015fgalden kurtar\u0131lmas\u0131 ve t\u00fcm Filistinli m\u00fcltecilerin diyarlar\u0131na d\u00f6nmelerine dek i\u015fgale kar\u015f\u0131 m\u00fccadele azim ve kararl\u0131l\u0131\u011f\u0131n\u0131 bir kez daha vurgulad\u0131.<\/p>\n<p><a href=\"https:\/\/www.sana.sy\/tr\/wp-content\/uploads\/2018\/01\/1-54.jpg\"><img loading=\"lazy\" decoding=\"async\" class=\"alignright wp-image-134595 size-medium\" src=\"https:\/\/www.sana.sy\/tr\/wp-content\/uploads\/2018\/01\/1-54-300x173.jpg\" alt=\"\" width=\"300\" height=\"173\" srcset=\"https:\/\/archive.sana.sy\/tr\/wp-content\/uploads\/2018\/01\/1-54-300x173.jpg 300w, https:\/\/archive.sana.sy\/tr\/wp-content\/uploads\/2018\/01\/1-54-150x86.jpg 150w, https:\/\/archive.sana.sy\/tr\/wp-content\/uploads\/2018\/01\/1-54-768x442.jpg 768w, https:\/\/archive.sana.sy\/tr\/wp-content\/uploads\/2018\/01\/1-54-1024x589.jpg 1024w\" sizes=\"auto, (max-width: 300px) 100vw, 300px\" \/><\/a>Komite bug\u00fcn d\u00fczenledi\u011fi periyodik toplant\u0131 bitiminde yay\u0131nlad\u0131\u011f\u0131 beyanda; ABD idaresinin Kud\u00fcs\u2019\u00fc Siyonist \u0130srail&#8217;in ba\u015fkenti olarak tan\u0131yan tehlikeli karar\u0131n\u0131n Kud\u00fcs\u2019\u00fc Filistin topraklar\u0131ndan ay\u0131rmay\u0131 ama\u00e7lad\u0131\u011f\u0131n\u0131 ifade etti. Beyanda i\u015fgal otoritelerinin Filistinlileri \u00f6ld\u00fcrme, bask\u0131 ve dayatmalarla tehcir etme politikalar\u0131nda ba\u015far\u0131s\u0131z kalmalar\u0131 ard\u0131ndan Kud\u00fcs\u2019\u00fc bu gibi kararlarla gasp etmeyi hedefledi\u011fine dikkat \u00e7ekildi.<\/p>\n<p>M\u00fcsl\u00fcman ve H\u0131ristiyanlar a\u00e7\u0131s\u0131ndan b\u00fcy\u00fck bir \u00f6nem ta\u015f\u0131yan Kud\u00fcs\u2019\u00fcn her daim Filistinli olarak kalaca\u011f\u0131n\u0131n alt\u0131n\u0131 \u00e7izen komite <a href=\"https:\/\/www.sana.sy\/tr\/wp-content\/uploads\/2018\/01\/3-15.jpg\"><img loading=\"lazy\" decoding=\"async\" class=\"alignright wp-image-134596 size-medium\" src=\"https:\/\/www.sana.sy\/tr\/wp-content\/uploads\/2018\/01\/3-15-300x187.jpg\" alt=\"\" width=\"300\" height=\"187\" srcset=\"https:\/\/archive.sana.sy\/tr\/wp-content\/uploads\/2018\/01\/3-15-300x187.jpg 300w, https:\/\/archive.sana.sy\/tr\/wp-content\/uploads\/2018\/01\/3-15-150x93.jpg 150w, https:\/\/archive.sana.sy\/tr\/wp-content\/uploads\/2018\/01\/3-15-768x479.jpg 768w, https:\/\/archive.sana.sy\/tr\/wp-content\/uploads\/2018\/01\/3-15-1024x638.jpg 1024w\" sizes=\"auto, (max-width: 300px) 100vw, 300px\" \/><\/a>beyan\u0131nda ayr\u0131ca; Kud\u00fcs\u2019\u00fcn Siyonist \u0130srail taraf\u0131ndan gasp edilmesiyle m\u00fccadele i\u00e7in b\u00f6lge ve uluslar aras\u0131 kamuoyunun tutum birli\u011fini peki\u015ftirmeleri \u00e7a\u011fr\u0131s\u0131nda bulundu.<\/p>\n<p>Komite beyan\u0131nda Siyonist \u0130srail ve ABD ba\u015fta olmak \u00fczere bir k\u0131s\u0131m devletlerin edat olarak kulland\u0131klar\u0131 ter\u00f6re maruz kalan Suriye ve halk\u0131yla dayan\u0131\u015fma, bu ter\u00f6re kar\u015f\u0131 kahramanca sava\u015fan Suriye ordusuna deste\u011fin s\u00fcrd\u00fcr\u00fclmesi \u00f6neminin alt\u0131n\u0131 \u00e7izdi.<\/p>\n<p>T\u00fcrkiye rejimi ba\u015fkan\u0131 Recep Tayip Erdo\u011fan\u2019\u0131n Suriye&#8217;nin kuzeyinde dayatmaya \u00e7al\u0131\u015ft\u0131\u011f\u0131 duruma dikkat \u00e7eken komite; bu d\u00fc\u015fmanc\u0131 planlar\u0131 keskin ifadelerle k\u0131nad\u0131. Komite Erdo\u011fan rejiminin Suriye ve halk\u0131na kar\u015f\u0131 planlar\u0131 ve a\u00e7g\u00f6zl\u00fcl\u00fc\u011f\u00fcn\u00fcn daha \u00e7ok de\u015fifre edilmesi \u00e7a\u011fr\u0131s\u0131nda bulundu.<\/p>\n<p>2001 y\u0131l\u0131nda Filistin\u2019de 2. \u0130ntifada ard\u0131ndan te\u015fkil edilen komite; Suriye halk\u0131ndan karde\u015f Filistin halk\u0131na destek ama\u00e7l\u0131 faaliyetlerde bulunuyor.<\/p>\n","protected":false},"excerpt":{"rendered":"<p>\u015eAM \u2013 Filistin Halk\u0131na Destek ve Siyonist Planlarla M\u00fccadele Suriye Halk Komitesi Filistin topraklar\u0131n\u0131n tamamen i\u015fgalden kurtar\u0131lmas\u0131 ve t\u00fcm Filistinli m\u00fcltecilerin diyarlar\u0131na d\u00f6nmelerine dek i\u015fgale kar\u015f\u0131 m\u00fccadele azim ve kararl\u0131l\u0131\u011f\u0131n\u0131 bir kez daha vurgulad\u0131. Komite bug\u00fcn d\u00fczenledi\u011fi periyodik toplant\u0131 bitiminde yay\u0131nlad\u0131\u011f\u0131 beyanda; ABD idaresinin Kud\u00fcs\u2019\u00fc Siyonist \u0130srail&#8217;in ba\u015fkenti olarak tan\u0131yan tehlikeli karar\u0131n\u0131n Kud\u00fcs\u2019\u00fc Filistin topraklar\u0131ndan &hellip;<\/p>\n","protected":false},"author":1,"featured_media":134594,"comment_status":"closed","ping_status":"closed","sticky":false,"template":"","format":"standard","meta":{"footnotes":""},"categories":[479,17988,2554,2555,478],"tags":[34274,9401,34271,10261,34272,2755,34273,16591,22181],"class_list":["post-134591","post","type-post","status-publish","format-standard","has-post-thumbnail","","category-haberler-yerel","category-son-haberler","category-suriye-ve-dunya","category-suriye-ve-turkiye","category-yerel","tag-2-intifada","tag-erdogan","tag-filistin-halkina-destek","tag-kudus","tag-musluman","tag-sam","tag-siyonist-planlarla-mucadele-komitesi","tag-suriye","tag-suriyeliler"],"_links":{"self":[{"href":"https:\/\/archive.sana.sy\/tr\/index.php?rest_route=\/wp\/v2\/posts\/134591","targetHints":{"allow":["GET"]}}],"collection":[{"href":"https:\/\/archive.sana.sy\/tr\/index.php?rest_route=\/wp\/v2\/posts"}],"about":[{"href":"https:\/\/archive.sana.sy\/tr\/index.php?rest_route=\/wp\/v2\/types\/post"}],"author":[{"embeddable":true,"href":"https:\/\/archive.sana.sy\/tr\/index.php?rest_route=\/wp\/v2\/users\/1"}],"replies":[{"embeddable":true,"href":"https:\/\/archive.sana.sy\/tr\/index.php?rest_route=%2Fwp%2Fv2%2Fcomments&post=134591"}],"version-history":[{"count":0,"href":"https:\/\/archive.sana.sy\/tr\/index.php?rest_route=\/wp\/v2\/posts\/134591\/revisions"}],"wp:featuredmedia":[{"embeddable":true,"href":"https:\/\/archive.sana.sy\/tr\/index.php?rest_route=\/wp\/v2\/media\/134594"}],"wp:attachment":[{"href":"https:\/\/archive.sana.sy\/tr\/index.php?rest_route=%2Fwp%2Fv2%2Fmedia&parent=134591"}],"wp:term":[{"taxonomy":"category","embeddable":true,"href":"https:\/\/archive.sana.sy\/tr\/index.php?rest_route=%2Fwp%2Fv2%2Fcategories&post=134591"},{"taxonomy":"post_tag","embeddable":true,"href":"https:\/\/archive.sana.sy\/tr\/index.php?rest_route=%2Fwp%2Fv2%2Ftags&post=134591"}],"curies":[{"name":"wp","href":"https:\/\/api.w.org\/{rel}","templated":true}]}}