{"id":134620,"date":"2018-01-07T15:00:28","date_gmt":"2018-01-07T13:00:28","guid":{"rendered":"https:\/\/www.sana.sy\/tr\/?p=134620"},"modified":"2018-01-08T12:53:33","modified_gmt":"2018-01-08T10:53:33","slug":"iki-binicimiz-dunya-sampiyonasina-katilma-hakki-kazandi","status":"publish","type":"post","link":"https:\/\/archive.sana.sy\/tr\/?p=134620","title":{"rendered":"\u0130ki Binicimiz D\u00fcnya \u015eampiyonas\u0131na Kat\u0131lma Hakk\u0131 Kazand\u0131"},"content":{"rendered":"<p>ABUDAB\u0130 \u2013 Abudabi\u2019de d\u00fczenlen ve d\u00f6rt y\u0131ld\u0131z niteli\u011finde say\u0131lan Uluslararas\u0131 Engel Atlama Binicilik \u015eampiyonas\u0131nda ba\u015far\u0131l\u0131 sonu\u00e7lar kaydeden binicilerimizden \u015eadi Garip ve \u00d6mer Ham\u015fo Eyl\u00fcl ay\u0131nda Amerika\u2019da ger\u00e7ekle\u015fecek D\u00fcnya \u015eampiyonas\u0131na kat\u0131lma hakk\u0131 kazand\u0131.<\/p>\n<p>Abudabi Uluslararas\u0131 Binicilik Federasyonu 160 cm y\u00fcksek engel atlamada ilk turu hatas\u0131z, ikinci turu da 4 hatayla bitiren Suriyeli iki biniciye d\u00fcnya \u015fampiyonas\u0131na kat\u0131lma hakk\u0131 verdi.<\/p>\n<p>K.\u00d6.<\/p>\n<p>&nbsp;<\/p>\n","protected":false},"excerpt":{"rendered":"<p>ABUDAB\u0130 \u2013 Abudabi\u2019de d\u00fczenlen ve d\u00f6rt y\u0131ld\u0131z niteli\u011finde say\u0131lan Uluslararas\u0131 Engel Atlama Binicilik \u015eampiyonas\u0131nda ba\u015far\u0131l\u0131 sonu\u00e7lar kaydeden binicilerimizden \u015eadi Garip ve \u00d6mer Ham\u015fo Eyl\u00fcl ay\u0131nda Amerika\u2019da ger\u00e7ekle\u015fecek D\u00fcnya \u015eampiyonas\u0131na kat\u0131lma hakk\u0131 kazand\u0131. Abudabi Uluslararas\u0131 Binicilik Federasyonu 160 cm y\u00fcksek engel atlamada ilk turu hatas\u0131z, ikinci turu da 4 hatayla bitiren Suriyeli iki biniciye d\u00fcnya \u015fampiyonas\u0131na &hellip;<\/p>\n","protected":false},"author":1,"featured_media":134621,"comment_status":"closed","ping_status":"closed","sticky":false,"template":"","format":"standard","meta":{"footnotes":""},"categories":[498,17988,496],"tags":[34280,34277,34278,34279,16591,22181,34281],"class_list":["post-134620","post","type-post","status-publish","format-standard","has-post-thumbnail","","category-dunya-turnuvalari","category-son-haberler","category-spor","tag-abudabi","tag-binicilik-yarismasi","tag-dunya-olimpiyotlarina-hak-kazandi","tag-omer-hamso","tag-suriye","tag-suriyeliler","tag-uluslararasi-binicilik-federasyonu"],"_links":{"self":[{"href":"https:\/\/archive.sana.sy\/tr\/index.php?rest_route=\/wp\/v2\/posts\/134620","targetHints":{"allow":["GET"]}}],"collection":[{"href":"https:\/\/archive.sana.sy\/tr\/index.php?rest_route=\/wp\/v2\/posts"}],"about":[{"href":"https:\/\/archive.sana.sy\/tr\/index.php?rest_route=\/wp\/v2\/types\/post"}],"author":[{"embeddable":true,"href":"https:\/\/archive.sana.sy\/tr\/index.php?rest_route=\/wp\/v2\/users\/1"}],"replies":[{"embeddable":true,"href":"https:\/\/archive.sana.sy\/tr\/index.php?rest_route=%2Fwp%2Fv2%2Fcomments&post=134620"}],"version-history":[{"count":0,"href":"https:\/\/archive.sana.sy\/tr\/index.php?rest_route=\/wp\/v2\/posts\/134620\/revisions"}],"wp:featuredmedia":[{"embeddable":true,"href":"https:\/\/archive.sana.sy\/tr\/index.php?rest_route=\/wp\/v2\/media\/134621"}],"wp:attachment":[{"href":"https:\/\/archive.sana.sy\/tr\/index.php?rest_route=%2Fwp%2Fv2%2Fmedia&parent=134620"}],"wp:term":[{"taxonomy":"category","embeddable":true,"href":"https:\/\/archive.sana.sy\/tr\/index.php?rest_route=%2Fwp%2Fv2%2Fcategories&post=134620"},{"taxonomy":"post_tag","embeddable":true,"href":"https:\/\/archive.sana.sy\/tr\/index.php?rest_route=%2Fwp%2Fv2%2Ftags&post=134620"}],"curies":[{"name":"wp","href":"https:\/\/api.w.org\/{rel}","templated":true}]}}