{"id":134686,"date":"2018-01-08T13:30:54","date_gmt":"2018-01-08T11:30:54","guid":{"rendered":"https:\/\/www.sana.sy\/tr\/?p=134686"},"modified":"2018-01-09T14:42:51","modified_gmt":"2018-01-09T12:42:51","slug":"kazananlarin-ucte-biri-suriyeli","status":"publish","type":"post","link":"https:\/\/archive.sana.sy\/tr\/?p=134686","title":{"rendered":"Kazananlar\u0131n \u00dc\u00e7te Biri Suriyeli"},"content":{"rendered":"<p>\u015eAM \u2013 Muhtelif Arap \u00fclkelerinden y\u00fczlerce \u00e7ocu\u011fun kat\u0131l\u0131m\u0131yla d\u00fczenlenen The Voice Kids \u015eovun 2. sezonunda j\u00fcri heyetinin se\u00e7ti\u011fi 45 \u00e7ocuktan 13\u2019\u00fc Suriyeli \u00e7ocuklar oldu.<a href=\"https:\/\/www.sana.sy\/tr\/wp-content\/uploads\/2018\/01\/2-27.jpg\"><img loading=\"lazy\" decoding=\"async\" class=\"alignright wp-image-134689 size-medium\" src=\"https:\/\/www.sana.sy\/tr\/wp-content\/uploads\/2018\/01\/2-27-300x168.jpg\" alt=\"\" width=\"300\" height=\"168\" srcset=\"https:\/\/archive.sana.sy\/tr\/wp-content\/uploads\/2018\/01\/2-27-300x168.jpg 300w, https:\/\/archive.sana.sy\/tr\/wp-content\/uploads\/2018\/01\/2-27-150x84.jpg 150w, https:\/\/archive.sana.sy\/tr\/wp-content\/uploads\/2018\/01\/2-27.jpg 660w\" sizes=\"auto, (max-width: 300px) 100vw, 300px\" \/><\/a><\/p>\n<p>Kazanan \u00e7ocuklar\u0131n hemen hemen \u00fc\u00e7te birini te\u015fkil eden Suriyeli \u00e7ocuklar Suriye&#8217;nin tarihin en h\u0131r\u00e7\u0131n ve \u00e7irkef ter\u00f6r sava\u015f\u0131na maruz kalmas\u0131na ra\u011fmen sanat\u0131n muhtelif dallar\u0131nda yarat\u0131c\u0131l\u0131k ve \u00fcretkenli\u011fini ba\u015far\u0131yla s\u00fcrd\u00fcrd\u00fc\u011f\u00fcn\u00fc bir kez daha kan\u0131tlad\u0131.<\/p>\n<p>7 ila 13 ya\u015flar\u0131 aras\u0131nda de\u011fi\u015fen Suriyeli \u00e7ocuklar programda halk kitlelerini duygu seliyle co\u015ftururlarken, \u00fcst\u00fcn yetenekleri ile de uluslar aras\u0131 \u00f6d\u00fcllere sahip j\u00fcri \u00fcyelerini de hayranl\u0131\u011fa d\u00fc\u015f\u00fcrd\u00fc.<\/p>\n","protected":false},"excerpt":{"rendered":"<p>\u015eAM \u2013 Muhtelif Arap \u00fclkelerinden y\u00fczlerce \u00e7ocu\u011fun kat\u0131l\u0131m\u0131yla d\u00fczenlenen The Voice Kids \u015eovun 2. sezonunda j\u00fcri heyetinin se\u00e7ti\u011fi 45 \u00e7ocuktan 13\u2019\u00fc Suriyeli \u00e7ocuklar oldu. Kazanan \u00e7ocuklar\u0131n hemen hemen \u00fc\u00e7te birini te\u015fkil eden Suriyeli \u00e7ocuklar Suriye&#8217;nin tarihin en h\u0131r\u00e7\u0131n ve \u00e7irkef ter\u00f6r sava\u015f\u0131na maruz kalmas\u0131na ra\u011fmen sanat\u0131n muhtelif dallar\u0131nda yarat\u0131c\u0131l\u0131k ve \u00fcretkenli\u011fini ba\u015far\u0131yla s\u00fcrd\u00fcrd\u00fc\u011f\u00fcn\u00fc bir kez &hellip;<\/p>\n","protected":false},"author":1,"featured_media":134688,"comment_status":"closed","ping_status":"closed","sticky":false,"template":"","format":"standard","meta":{"footnotes":""},"categories":[516,511,17988],"tags":[34300,34302,25414,34301],"class_list":["post-134686","post","type-post","status-publish","format-standard","has-post-thumbnail","","category-haberler-kultur-ve-sanat","category-kultur-ve-sanat","category-son-haberler","tag-cocuk-sanatcilar","tag-cocuk-ses-yarismalari","tag-suriyeli-cocuklar","tag-the-voice-kids-sov"],"_links":{"self":[{"href":"https:\/\/archive.sana.sy\/tr\/index.php?rest_route=\/wp\/v2\/posts\/134686","targetHints":{"allow":["GET"]}}],"collection":[{"href":"https:\/\/archive.sana.sy\/tr\/index.php?rest_route=\/wp\/v2\/posts"}],"about":[{"href":"https:\/\/archive.sana.sy\/tr\/index.php?rest_route=\/wp\/v2\/types\/post"}],"author":[{"embeddable":true,"href":"https:\/\/archive.sana.sy\/tr\/index.php?rest_route=\/wp\/v2\/users\/1"}],"replies":[{"embeddable":true,"href":"https:\/\/archive.sana.sy\/tr\/index.php?rest_route=%2Fwp%2Fv2%2Fcomments&post=134686"}],"version-history":[{"count":0,"href":"https:\/\/archive.sana.sy\/tr\/index.php?rest_route=\/wp\/v2\/posts\/134686\/revisions"}],"wp:featuredmedia":[{"embeddable":true,"href":"https:\/\/archive.sana.sy\/tr\/index.php?rest_route=\/wp\/v2\/media\/134688"}],"wp:attachment":[{"href":"https:\/\/archive.sana.sy\/tr\/index.php?rest_route=%2Fwp%2Fv2%2Fmedia&parent=134686"}],"wp:term":[{"taxonomy":"category","embeddable":true,"href":"https:\/\/archive.sana.sy\/tr\/index.php?rest_route=%2Fwp%2Fv2%2Fcategories&post=134686"},{"taxonomy":"post_tag","embeddable":true,"href":"https:\/\/archive.sana.sy\/tr\/index.php?rest_route=%2Fwp%2Fv2%2Ftags&post=134686"}],"curies":[{"name":"wp","href":"https:\/\/api.w.org\/{rel}","templated":true}]}}