{"id":134760,"date":"2018-01-09T12:30:36","date_gmt":"2018-01-09T10:30:36","guid":{"rendered":"https:\/\/www.sana.sy\/tr\/?p=134760"},"modified":"2018-01-10T10:23:09","modified_gmt":"2018-01-10T08:23:09","slug":"suriye-ordusunun-gucunden-kimsenin-kuskusu-olmamali","status":"publish","type":"post","link":"https:\/\/archive.sana.sy\/tr\/?p=134760","title":{"rendered":"Suriye Ordusunun G\u00fcc\u00fcnden Kimsenin Ku\u015fkusu Olmamal\u0131"},"content":{"rendered":"<p>MOSKOVA \u2013 \u0130ngu\u015fetya Fedaral Cumhurba\u015fkan\u0131 Yunus-Bek Yevkurov Suriye ordusunun ter\u00f6re kar\u015f\u0131 sava\u015fma ve Suriye topraklar\u0131n\u0131 koruma g\u00fcc\u00fcn\u00fc kan\u0131tlad\u0131\u011f\u0131n\u0131 belirtti.<\/p>\n<p>Rus Sputnik Ajans\u0131na deme\u00e7 veren Yevkurov; Rusya\u2019n\u0131n ter\u00f6rle m\u00fccadelede Suriye&#8217;ye yard\u0131m ve destekte bulunmas\u0131n\u0131n m\u00fcttefiklerinden vazge\u00e7meyece\u011fini ve her daim onlar\u0131n yan\u0131nda olaca\u011f\u0131n\u0131 ortaya serdi\u011fini kaydetti.<\/p>\n<p>Suriye ordusunun ter\u00f6re kar\u015f\u0131 sava\u015fma ve Suriye&#8217;nin toprak b\u00fct\u00fcnl\u00fc\u011f\u00fcn\u00fc koruyup \u00fclke genelinde g\u00fcvenli\u011fi sa\u011flama g\u00fcc\u00fcnden kimsenin ku\u015fkusu olmamas\u0131 gerekti\u011fini ifade eden Yevkurov, \u201cbu g\u00f6revini ba\u015far\u0131yla yerine getirece\u011finden eminim..\u201d ifadesini kulland\u0131.<\/p>\n<p>Yevkurov Rusya&#8217;n\u0131n d\u00fcnya \u00e7ap\u0131nda g\u00fc\u00e7 ve konumunu geri kazand\u0131\u011f\u0131n\u0131, bunun da d\u00fcnyay\u0131 hegemonyas\u0131na almaya \u00e7al\u0131\u015fan ABD\u2019nin ho\u015funa gitmedi\u011fini kaydetti.<\/p>\n<p>\u00dclkesinin Suriye ile ortak \u00e7\u0131karlar\u0131 ve y\u00fck\u00fcml\u00fcl\u00fckleri bulundu\u011funa i\u015faret eden \u0130ngu\u015fetya Fedaral Cumhurba\u015fkan\u0131 Yevkurov; bu \u00e7\u0131kar\u0131 savunmaya ve y\u00fck\u00fcml\u00fcl\u00fcklere ba\u011fl\u0131 kalmaya devam edece\u011fini belirtti.<\/p>\n","protected":false},"excerpt":{"rendered":"<p>MOSKOVA \u2013 \u0130ngu\u015fetya Fedaral Cumhurba\u015fkan\u0131 Yunus-Bek Yevkurov Suriye ordusunun ter\u00f6re kar\u015f\u0131 sava\u015fma ve Suriye topraklar\u0131n\u0131 koruma g\u00fcc\u00fcn\u00fc kan\u0131tlad\u0131\u011f\u0131n\u0131 belirtti. Rus Sputnik Ajans\u0131na deme\u00e7 veren Yevkurov; Rusya\u2019n\u0131n ter\u00f6rle m\u00fccadelede Suriye&#8217;ye yard\u0131m ve destekte bulunmas\u0131n\u0131n m\u00fcttefiklerinden vazge\u00e7meyece\u011fini ve her daim onlar\u0131n yan\u0131nda olaca\u011f\u0131n\u0131 ortaya serdi\u011fini kaydetti. Suriye ordusunun ter\u00f6re kar\u015f\u0131 sava\u015fma ve Suriye&#8217;nin toprak b\u00fct\u00fcnl\u00fc\u011f\u00fcn\u00fc koruyup \u00fclke &hellip;<\/p>\n","protected":false},"author":1,"featured_media":134764,"comment_status":"closed","ping_status":"closed","sticky":false,"template":"","format":"standard","meta":{"footnotes":""},"categories":[556,458,559,459,17988],"tags":[34315,34316,11549,34317],"class_list":["post-134760","post","type-post","status-publish","format-standard","has-post-thumbnail","","category-basin","category-dunya1","category-dunya-basini","category-haberler-arap-uluslararasi-politika","category-son-haberler","tag-ingusetya","tag-ingusetya-fedaral-cumhuriyeti","tag-suriye-ordusu","tag-yunus-bek-yevkurov"],"_links":{"self":[{"href":"https:\/\/archive.sana.sy\/tr\/index.php?rest_route=\/wp\/v2\/posts\/134760","targetHints":{"allow":["GET"]}}],"collection":[{"href":"https:\/\/archive.sana.sy\/tr\/index.php?rest_route=\/wp\/v2\/posts"}],"about":[{"href":"https:\/\/archive.sana.sy\/tr\/index.php?rest_route=\/wp\/v2\/types\/post"}],"author":[{"embeddable":true,"href":"https:\/\/archive.sana.sy\/tr\/index.php?rest_route=\/wp\/v2\/users\/1"}],"replies":[{"embeddable":true,"href":"https:\/\/archive.sana.sy\/tr\/index.php?rest_route=%2Fwp%2Fv2%2Fcomments&post=134760"}],"version-history":[{"count":0,"href":"https:\/\/archive.sana.sy\/tr\/index.php?rest_route=\/wp\/v2\/posts\/134760\/revisions"}],"wp:featuredmedia":[{"embeddable":true,"href":"https:\/\/archive.sana.sy\/tr\/index.php?rest_route=\/wp\/v2\/media\/134764"}],"wp:attachment":[{"href":"https:\/\/archive.sana.sy\/tr\/index.php?rest_route=%2Fwp%2Fv2%2Fmedia&parent=134760"}],"wp:term":[{"taxonomy":"category","embeddable":true,"href":"https:\/\/archive.sana.sy\/tr\/index.php?rest_route=%2Fwp%2Fv2%2Fcategories&post=134760"},{"taxonomy":"post_tag","embeddable":true,"href":"https:\/\/archive.sana.sy\/tr\/index.php?rest_route=%2Fwp%2Fv2%2Ftags&post=134760"}],"curies":[{"name":"wp","href":"https:\/\/api.w.org\/{rel}","templated":true}]}}