{"id":134763,"date":"2018-01-09T12:41:29","date_gmt":"2018-01-09T10:41:29","guid":{"rendered":"https:\/\/www.sana.sy\/tr\/?p=134763"},"modified":"2018-01-10T10:23:03","modified_gmt":"2018-01-10T08:23:03","slug":"amac-okuma-ve-ogrenme-kulturlerini-pekistirmek","status":"publish","type":"post","link":"https:\/\/archive.sana.sy\/tr\/?p=134763","title":{"rendered":"Ama\u00e7 Okuma ve \u00d6\u011frenme K\u00fclt\u00fcrlerini Peki\u015ftirmek"},"content":{"rendered":"<p>HOMS \u2013 G\u00fcn\u00fcm\u00fcz ko\u015fullar\u0131nda okuma ve bilgi edinme k\u00fclt\u00fcr\u00fcn\u00fcn \u00f6nemi itibar\u0131yla Homs Kentinde \u00e7ocuklar\u0131n okuma k\u00fclt\u00fcr\u00fcn\u00fc peki\u015ftirme amac\u0131yla g\u00f6n\u00fcll\u00fc gen\u00e7lerin \u2018Kitab\u0131m\u0131 Oku\u2019 slogan\u0131 alt\u0131nda ba\u015flatt\u0131klar\u0131 k\u00fclt\u00fcrel faaliyet devam ediyor.<a href=\"https:\/\/www.sana.sy\/tr\/wp-content\/uploads\/2018\/01\/2-29.jpg\"><img loading=\"lazy\" decoding=\"async\" class=\"alignright wp-image-134768 size-medium\" src=\"https:\/\/www.sana.sy\/tr\/wp-content\/uploads\/2018\/01\/2-29-300x198.jpg\" alt=\"\" width=\"300\" height=\"198\" srcset=\"https:\/\/archive.sana.sy\/tr\/wp-content\/uploads\/2018\/01\/2-29-300x198.jpg 300w, https:\/\/archive.sana.sy\/tr\/wp-content\/uploads\/2018\/01\/2-29-150x99.jpg 150w, https:\/\/archive.sana.sy\/tr\/wp-content\/uploads\/2018\/01\/2-29-310x205.jpg 310w, https:\/\/archive.sana.sy\/tr\/wp-content\/uploads\/2018\/01\/2-29.jpg 660w\" sizes=\"auto, (max-width: 300px) 100vw, 300px\" \/><\/a><\/p>\n<p>Sosyal kalk\u0131nma ve bilin\u00e7lendirme ama\u00e7l\u0131 faaliyette son olarak \u2018Uyku \u00d6ncesi Masal\u2019 sloganl\u0131 giri\u015fim organizat\u00f6r\u00fc Sara el S\u00fcbai 05 \u2013 12 ya\u015f aras\u0131 \u00e7ocuklar\u0131 ele alan bu \u00e7al\u0131\u015fmalar\u0131n kentin bir\u00e7ok semtinde hayata ge\u00e7irilmekte oldu\u011funu s\u00f6yledi.<\/p>\n<p>S\u00fcbai \u00e7ocuklar\u0131n okuma ve \u00f6\u011frenme k\u00fclt\u00fcr ve al\u0131\u015fkanl\u0131klar\u0131n\u0131 peki\u015ftirme ama\u00e7l\u0131 bu \u00e7al\u0131\u015fmalarda belirli kriterlere uygun olarak se\u00e7ilen kitaplar\u0131n okunup \u00e7ocuklar aras\u0131nda tart\u0131\u015f\u0131ld\u0131\u011f\u0131n\u0131 ifade etti. Kitap okuman\u0131n e\u011flencesel faaliyetler e\u015fli\u011finde yap\u0131ld\u0131\u011f\u0131na i\u015faret eden S\u00fcbai amac\u0131n \u00e7ocuklar\u0131n s\u0131k\u0131lmadan ve zevk alarak okuma ve \u00f6\u011frenme k\u00fclt\u00fcrlerini peki\u015ftirmek oldu\u011funu s\u00f6zlerine ekledi.<\/p>\n<div id='gallery-1' class='gallery galleryid-134763 gallery-columns-2 gallery-size-thumbnail'><figure class='gallery-item'>\n\t\t\t<div class='gallery-icon landscape'>\n\t\t\t\t<a href='https:\/\/archive.sana.sy\/tr\/wp-content\/uploads\/2018\/01\/3-21.jpg'><img loading=\"lazy\" decoding=\"async\" width=\"150\" height=\"98\" src=\"https:\/\/archive.sana.sy\/tr\/wp-content\/uploads\/2018\/01\/3-21-150x98.jpg\" class=\"attachment-thumbnail size-thumbnail\" alt=\"\" srcset=\"https:\/\/archive.sana.sy\/tr\/wp-content\/uploads\/2018\/01\/3-21-150x98.jpg 150w, https:\/\/archive.sana.sy\/tr\/wp-content\/uploads\/2018\/01\/3-21-300x196.jpg 300w, https:\/\/archive.sana.sy\/tr\/wp-content\/uploads\/2018\/01\/3-21-310x205.jpg 310w, https:\/\/archive.sana.sy\/tr\/wp-content\/uploads\/2018\/01\/3-21.jpg 660w\" sizes=\"auto, (max-width: 150px) 100vw, 150px\" \/><\/a>\n\t\t\t<\/div><\/figure><figure class='gallery-item'>\n\t\t\t<div class='gallery-icon landscape'>\n\t\t\t\t<a href='https:\/\/archive.sana.sy\/tr\/wp-content\/uploads\/2018\/01\/4-17.jpg'><img loading=\"lazy\" decoding=\"async\" width=\"150\" height=\"97\" src=\"https:\/\/archive.sana.sy\/tr\/wp-content\/uploads\/2018\/01\/4-17-150x97.jpg\" class=\"attachment-thumbnail size-thumbnail\" alt=\"\" srcset=\"https:\/\/archive.sana.sy\/tr\/wp-content\/uploads\/2018\/01\/4-17-150x97.jpg 150w, https:\/\/archive.sana.sy\/tr\/wp-content\/uploads\/2018\/01\/4-17-300x195.jpg 300w, https:\/\/archive.sana.sy\/tr\/wp-content\/uploads\/2018\/01\/4-17.jpg 660w\" sizes=\"auto, (max-width: 150px) 100vw, 150px\" \/><\/a>\n\t\t\t<\/div><\/figure>\n\t\t<\/div>\n\n","protected":false},"excerpt":{"rendered":"<p>HOMS \u2013 G\u00fcn\u00fcm\u00fcz ko\u015fullar\u0131nda okuma ve bilgi edinme k\u00fclt\u00fcr\u00fcn\u00fcn \u00f6nemi itibar\u0131yla Homs Kentinde \u00e7ocuklar\u0131n okuma k\u00fclt\u00fcr\u00fcn\u00fc peki\u015ftirme amac\u0131yla g\u00f6n\u00fcll\u00fc gen\u00e7lerin \u2018Kitab\u0131m\u0131 Oku\u2019 slogan\u0131 alt\u0131nda ba\u015flatt\u0131klar\u0131 k\u00fclt\u00fcrel faaliyet devam ediyor. Sosyal kalk\u0131nma ve bilin\u00e7lendirme ama\u00e7l\u0131 faaliyette son olarak \u2018Uyku \u00d6ncesi Masal\u2019 sloganl\u0131 giri\u015fim organizat\u00f6r\u00fc Sara el S\u00fcbai 05 \u2013 12 ya\u015f aras\u0131 \u00e7ocuklar\u0131 ele alan bu &hellip;<\/p>\n","protected":false},"author":1,"featured_media":134767,"comment_status":"closed","ping_status":"closed","sticky":false,"template":"","format":"standard","meta":{"footnotes":""},"categories":[526,541,516,511,17988,525,538],"tags":[26470,1293,34319,34318,34320,25414],"class_list":["post-134763","post","type-post","status-publish","format-standard","has-post-thumbnail","","category-haber-ve-raporlar","category-haberler","category-haberler-kultur-ve-sanat","category-kultur-ve-sanat","category-son-haberler","category-toplum","category-yasam","tag-cocuk-faaliyetleri","tag-homs","tag-kitap-okuma","tag-kitap-okuma-aliskanligi","tag-okuma-ve-ogrenme-aliskanligi","tag-suriyeli-cocuklar"],"_links":{"self":[{"href":"https:\/\/archive.sana.sy\/tr\/index.php?rest_route=\/wp\/v2\/posts\/134763","targetHints":{"allow":["GET"]}}],"collection":[{"href":"https:\/\/archive.sana.sy\/tr\/index.php?rest_route=\/wp\/v2\/posts"}],"about":[{"href":"https:\/\/archive.sana.sy\/tr\/index.php?rest_route=\/wp\/v2\/types\/post"}],"author":[{"embeddable":true,"href":"https:\/\/archive.sana.sy\/tr\/index.php?rest_route=\/wp\/v2\/users\/1"}],"replies":[{"embeddable":true,"href":"https:\/\/archive.sana.sy\/tr\/index.php?rest_route=%2Fwp%2Fv2%2Fcomments&post=134763"}],"version-history":[{"count":0,"href":"https:\/\/archive.sana.sy\/tr\/index.php?rest_route=\/wp\/v2\/posts\/134763\/revisions"}],"wp:featuredmedia":[{"embeddable":true,"href":"https:\/\/archive.sana.sy\/tr\/index.php?rest_route=\/wp\/v2\/media\/134767"}],"wp:attachment":[{"href":"https:\/\/archive.sana.sy\/tr\/index.php?rest_route=%2Fwp%2Fv2%2Fmedia&parent=134763"}],"wp:term":[{"taxonomy":"category","embeddable":true,"href":"https:\/\/archive.sana.sy\/tr\/index.php?rest_route=%2Fwp%2Fv2%2Fcategories&post=134763"},{"taxonomy":"post_tag","embeddable":true,"href":"https:\/\/archive.sana.sy\/tr\/index.php?rest_route=%2Fwp%2Fv2%2Ftags&post=134763"}],"curies":[{"name":"wp","href":"https:\/\/api.w.org\/{rel}","templated":true}]}}