{"id":134775,"date":"2018-01-09T16:20:11","date_gmt":"2018-01-09T14:20:11","guid":{"rendered":"https:\/\/www.sana.sy\/tr\/?p=134775"},"modified":"2018-01-10T10:20:46","modified_gmt":"2018-01-10T08:20:46","slug":"teror-saldirilarinda-isabetler-var","status":"publish","type":"post","link":"https:\/\/archive.sana.sy\/tr\/?p=134775","title":{"rendered":"Ter\u00f6r Sald\u0131r\u0131lar\u0131nda 3 \u015eehit ve 19 Yaral\u0131 Var"},"content":{"rendered":"<p>\u015eAM \u2013 Gerilimi azaltma b\u00f6lgeleri anla\u015fmas\u0131na ihlallerini s\u00fcrd\u00fcren ter\u00f6ristlerin bug\u00fcn sivil yerle\u015fim alanlar\u0131na tekrarlanan gaddar f\u00fcze sald\u0131r\u0131lar\u0131nda bug\u00fcn de bir\u00e7ok vatanda\u015f isabet ald\u0131.<\/p>\n<p>\u015eam \u0130l Emniyet M\u00fcd\u00fcrl\u00fc\u011f\u00fcnde bir kaynak yapt\u0131\u011f\u0131 a\u00e7\u0131klamada; Do\u011fu \u011euta\u2019n\u0131n derinliklerinde siperlenen ve sivil vatanda\u015flar\u0131 canl\u0131 kalkan olarak kullanan ter\u00f6ristlerin bug\u00fcn de gerilimi azaltma b\u00f6lgeleri anla\u015fmas\u0131na ihlallerini s\u00fcrd\u00fcr\u00fcp ba\u015fkent \u015eam\u2019\u0131n Bab Tuma ve Kassa semtlerini f\u00fczelerle hedef ald\u0131klar\u0131n\u0131 ifade etti. Kaynak gaddar f\u00fcze sald\u0131r\u0131lar\u0131nda 5 vatanda\u015f\u0131n yaraland\u0131\u011f\u0131n\u0131 belirtirken, evlerde, i\u015fyerlerinde ve ara\u00e7larda maddi hasar meydana geldi\u011fini s\u00f6zlerine ekledi.<\/p>\n<p>Ordu birliklerimizin gerilimi azaltma b\u00f6lgeleri anla\u015fmalar\u0131 kapsam\u0131nda sald\u0131rgan ter\u00f6ristlerin mevkilerini imha ettiklerini ifade eden kaynak; bir\u00e7ok f\u00fcze rampas\u0131n\u0131n ter\u00f6rist ekipleriyle birlikte yok edildiklerini kaydetti.<\/p>\n<p>G\u00fcn\u00fcn ilerleyen saatlerinde SANA\u2019ya a\u00e7\u0131klama yapan \u015eam \u0130l Emniyet M\u00fcd\u00fcrl\u00fc\u011f\u00fcnde bir kaynak Do\u011fu \u011euta\u2019da bulunan ter\u00f6ristlerin ba\u015fkent \u015eam\u2019\u0131n Bab Tuma Semtini hedef alan gaddar f\u00fcze sald\u0131r\u0131lar\u0131nda 2 sivil vatanda\u015f\u0131n \u015fehit, 14 vatanda\u015f\u0131n yaral\u0131 d\u00fc\u015ft\u00fc\u011f\u00fcn\u00fc aktard\u0131.<\/p>\n<p>Ak\u015fam saatlerinde a\u00e7\u0131klama yapan \u015eam Emniyet M\u00fcd\u00fcrl\u00fc\u011f\u00fcnde yetkili bir kaynak; ter\u00f6r gruplar\u0131n\u0131n \u015eam\u2019\u0131n \u015ea\u011fur B\u00f6lgesini 2 f\u00fczeyle hedef almalar\u0131 sonucunda 1 vatanda\u015f\u0131n \u015fehit, 5 vatanda\u015f\u0131n da yaral\u0131 d\u00fc\u015ft\u00fc\u011f\u00fcn\u00fc, sivillerin m\u00fclklerinde b\u00fcy\u00fck maddi hasar\u0131n olu\u015ftu\u011funu aktard\u0131.<\/p>\n","protected":false},"excerpt":{"rendered":"<p>\u015eAM \u2013 Gerilimi azaltma b\u00f6lgeleri anla\u015fmas\u0131na ihlallerini s\u00fcrd\u00fcren ter\u00f6ristlerin bug\u00fcn sivil yerle\u015fim alanlar\u0131na tekrarlanan gaddar f\u00fcze sald\u0131r\u0131lar\u0131nda bug\u00fcn de bir\u00e7ok vatanda\u015f isabet ald\u0131. \u015eam \u0130l Emniyet M\u00fcd\u00fcrl\u00fc\u011f\u00fcnde bir kaynak yapt\u0131\u011f\u0131 a\u00e7\u0131klamada; Do\u011fu \u011euta\u2019n\u0131n derinliklerinde siperlenen ve sivil vatanda\u015flar\u0131 canl\u0131 kalkan olarak kullanan ter\u00f6ristlerin bug\u00fcn de gerilimi azaltma b\u00f6lgeleri anla\u015fmas\u0131na ihlallerini s\u00fcrd\u00fcr\u00fcp ba\u015fkent \u015eam\u2019\u0131n Bab Tuma &hellip;<\/p>\n","protected":false},"author":1,"featured_media":134778,"comment_status":"closed","ping_status":"closed","sticky":false,"template":"","format":"standard","meta":{"footnotes":""},"categories":[479,575,17988,478],"tags":[18174,24111,16591,11549,19034],"class_list":["post-134775","post","type-post","status-publish","format-standard","has-post-thumbnail","","category-haberler-yerel","category-olaylar-ve-gercekler","category-son-haberler","category-yerel","tag-sivillere-saldiri","tag-sivilleri-bombaladi","tag-suriye","tag-suriye-ordusu","tag-suriyeli-muhalifler"],"_links":{"self":[{"href":"https:\/\/archive.sana.sy\/tr\/index.php?rest_route=\/wp\/v2\/posts\/134775","targetHints":{"allow":["GET"]}}],"collection":[{"href":"https:\/\/archive.sana.sy\/tr\/index.php?rest_route=\/wp\/v2\/posts"}],"about":[{"href":"https:\/\/archive.sana.sy\/tr\/index.php?rest_route=\/wp\/v2\/types\/post"}],"author":[{"embeddable":true,"href":"https:\/\/archive.sana.sy\/tr\/index.php?rest_route=\/wp\/v2\/users\/1"}],"replies":[{"embeddable":true,"href":"https:\/\/archive.sana.sy\/tr\/index.php?rest_route=%2Fwp%2Fv2%2Fcomments&post=134775"}],"version-history":[{"count":0,"href":"https:\/\/archive.sana.sy\/tr\/index.php?rest_route=\/wp\/v2\/posts\/134775\/revisions"}],"wp:featuredmedia":[{"embeddable":true,"href":"https:\/\/archive.sana.sy\/tr\/index.php?rest_route=\/wp\/v2\/media\/134778"}],"wp:attachment":[{"href":"https:\/\/archive.sana.sy\/tr\/index.php?rest_route=%2Fwp%2Fv2%2Fmedia&parent=134775"}],"wp:term":[{"taxonomy":"category","embeddable":true,"href":"https:\/\/archive.sana.sy\/tr\/index.php?rest_route=%2Fwp%2Fv2%2Fcategories&post=134775"},{"taxonomy":"post_tag","embeddable":true,"href":"https:\/\/archive.sana.sy\/tr\/index.php?rest_route=%2Fwp%2Fv2%2Ftags&post=134775"}],"curies":[{"name":"wp","href":"https:\/\/api.w.org\/{rel}","templated":true}]}}