{"id":134825,"date":"2018-01-09T13:30:25","date_gmt":"2018-01-09T11:30:25","guid":{"rendered":"https:\/\/www.sana.sy\/tr\/?p=134825"},"modified":"2018-01-10T12:34:09","modified_gmt":"2018-01-10T10:34:09","slug":"iranli-sirketlerin-fuari-basladi","status":"publish","type":"post","link":"https:\/\/archive.sana.sy\/tr\/?p=134825","title":{"rendered":"\u0130ranl\u0131 \u015eirketlerin Fuar\u0131 Ba\u015flad\u0131 (video)"},"content":{"rendered":"<p>\u015eAM \u2013 \u0130la\u00e7 sanayisi, medikal ve g\u0131da alan\u0131ndan \u0130ranl\u0131 40\u2019tan fazla \u015firketin kat\u0131l\u0131m\u0131yla d\u00fczenlenen fuar bug\u00fcn ba\u015fkent \u015eam\u2019daki Dama Rose Otelinde faaliyetlerine ba\u015flad\u0131.<\/p>\n<p>\u0130ran\u2019\u0131n \u015eam B\u00fcy\u00fckel\u00e7ili\u011fi ve Suriye \u0130ran Ekonomi \u0130li\u015fkilerini Kalk\u0131nd\u0131rma Y\u00fcksek Komitesinin g\u00f6zetiminde d\u00fczenlenen ve 11 Ocak tarihine dek s\u00fcrecek olan fuarda \u0130ran sanayisi ve \u00fcr\u00fcnlerinin tan\u0131t\u0131m\u0131 ama\u00e7lan\u0131yor.<\/p>\n<p>Fuar a\u00e7\u0131l\u0131\u015f\u0131na kat\u0131lan Sa\u011fl\u0131k Bakan\u0131 Yard\u0131mc\u0131s\u0131 Habib Abbud; Suriye ve \u0130ran\u2019da \u00f6zellikle son y\u0131llar i\u00e7inde ila\u00e7 sanayisinin tan\u0131k oldu\u011fu geli\u015fmelere dikkat \u00e7ekti. Abbud fuar\u0131n iki \u00fclke aras\u0131nda bu ba\u011flamda i\u015fbirli\u011fi ve ortak yat\u0131r\u0131m f\u0131rsatlar\u0131n\u0131 peki\u015ftirece\u011fini belirtti.<\/p>\n<p>https:\/\/www.youtube.com\/watch?v=Jy97fFjE7Zs<\/p>\n","protected":false},"excerpt":{"rendered":"<p>\u015eAM \u2013 \u0130la\u00e7 sanayisi, medikal ve g\u0131da alan\u0131ndan \u0130ranl\u0131 40\u2019tan fazla \u015firketin kat\u0131l\u0131m\u0131yla d\u00fczenlenen fuar bug\u00fcn ba\u015fkent \u015eam\u2019daki Dama Rose Otelinde faaliyetlerine ba\u015flad\u0131. \u0130ran\u2019\u0131n \u015eam B\u00fcy\u00fckel\u00e7ili\u011fi ve Suriye \u0130ran Ekonomi \u0130li\u015fkilerini Kalk\u0131nd\u0131rma Y\u00fcksek Komitesinin g\u00f6zetiminde d\u00fczenlenen ve 11 Ocak tarihine dek s\u00fcrecek olan fuarda \u0130ran sanayisi ve \u00fcr\u00fcnlerinin tan\u0131t\u0131m\u0131 ama\u00e7lan\u0131yor. Fuar a\u00e7\u0131l\u0131\u015f\u0131na kat\u0131lan Sa\u011fl\u0131k Bakan\u0131 &hellip;<\/p>\n","protected":false},"author":1,"featured_media":134826,"comment_status":"closed","ping_status":"closed","sticky":false,"template":"","format":"standard","meta":{"footnotes":""},"categories":[485,486,17988],"tags":[34329,34327,24720,6510,17123,5206,19685,34328,14021,34326,2755,16591],"class_list":["post-134825","post","type-post","status-publish","format-standard","has-post-thumbnail","","category-is-ve-sermaye","category-haberler-is-ve-sermaye","category-son-haberler","tag-11-ocak","tag-40tan-fazla-sirketi","tag-dama-rose-otelinde","tag-ekonomi-2","tag-fuar","tag-gida","tag-ilac-sanayisi","tag-iranin-sam-buyukelcilig","tag-iranli","tag-medikal","tag-sam","tag-suriye"],"_links":{"self":[{"href":"https:\/\/archive.sana.sy\/tr\/index.php?rest_route=\/wp\/v2\/posts\/134825","targetHints":{"allow":["GET"]}}],"collection":[{"href":"https:\/\/archive.sana.sy\/tr\/index.php?rest_route=\/wp\/v2\/posts"}],"about":[{"href":"https:\/\/archive.sana.sy\/tr\/index.php?rest_route=\/wp\/v2\/types\/post"}],"author":[{"embeddable":true,"href":"https:\/\/archive.sana.sy\/tr\/index.php?rest_route=\/wp\/v2\/users\/1"}],"replies":[{"embeddable":true,"href":"https:\/\/archive.sana.sy\/tr\/index.php?rest_route=%2Fwp%2Fv2%2Fcomments&post=134825"}],"version-history":[{"count":0,"href":"https:\/\/archive.sana.sy\/tr\/index.php?rest_route=\/wp\/v2\/posts\/134825\/revisions"}],"wp:featuredmedia":[{"embeddable":true,"href":"https:\/\/archive.sana.sy\/tr\/index.php?rest_route=\/wp\/v2\/media\/134826"}],"wp:attachment":[{"href":"https:\/\/archive.sana.sy\/tr\/index.php?rest_route=%2Fwp%2Fv2%2Fmedia&parent=134825"}],"wp:term":[{"taxonomy":"category","embeddable":true,"href":"https:\/\/archive.sana.sy\/tr\/index.php?rest_route=%2Fwp%2Fv2%2Fcategories&post=134825"},{"taxonomy":"post_tag","embeddable":true,"href":"https:\/\/archive.sana.sy\/tr\/index.php?rest_route=%2Fwp%2Fv2%2Ftags&post=134825"}],"curies":[{"name":"wp","href":"https:\/\/api.w.org\/{rel}","templated":true}]}}