{"id":134829,"date":"2018-01-09T15:34:55","date_gmt":"2018-01-09T13:34:55","guid":{"rendered":"https:\/\/www.sana.sy\/tr\/?p=134829"},"modified":"2018-01-10T10:21:22","modified_gmt":"2018-01-10T08:21:22","slug":"engellilere-sosyal-ve-ekonomik-destegi-amacliyor","status":"publish","type":"post","link":"https:\/\/archive.sana.sy\/tr\/?p=134829","title":{"rendered":"Engellilere Sosyal ve Ekonomik Deste\u011fi Ama\u00e7l\u0131yor"},"content":{"rendered":"<p>\u015eAM KIRSALI \u2013 Cud G\u00f6n\u00fcll\u00fcler Ekibi engelli gen\u00e7lerin k\u00fc\u00e7\u00fck ve orta \u00f6l\u00e7ekli i\u015f projeleri arac\u0131l\u0131\u011f\u0131 ile kendi ge\u00e7imlerini temin etmekle birlikte onlara sosyal ve ekonomik destek sa\u011flama amac\u0131yla \u015eam k\u0131rsal\u0131n\u0131n Deyr At\u0131yye Kentinde \u2018Evlerin Evi\u2019 slogan\u0131 alt\u0131nda bir faaliyet ba\u015flatt\u0131.<\/p>\n<p>Projenin teknik sorumlusu Vefa el Tut projenin gen\u00e7lere sosyal ve ekonomik destek temin edece\u011fi gibi topluma kazand\u0131rma amac\u0131 ta\u015f\u0131d\u0131\u011f\u0131n\u0131 ifade ederken, ev g\u0131dalar\u0131 imal etme ve satma e\u011fitimi ile kendi ge\u00e7imlerini sa\u011flama f\u0131rsat\u0131 da verdi\u011fini kaydetti.<\/p>\n<div id='gallery-1' class='gallery galleryid-134829 gallery-columns-2 gallery-size-medium'><figure class='gallery-item'>\n\t\t\t<div class='gallery-icon landscape'>\n\t\t\t\t<a href='https:\/\/archive.sana.sy\/tr\/wp-content\/uploads\/2018\/01\/proje-3.jpg'><img loading=\"lazy\" decoding=\"async\" width=\"300\" height=\"168\" src=\"https:\/\/archive.sana.sy\/tr\/wp-content\/uploads\/2018\/01\/proje-3-300x168.jpg\" class=\"attachment-medium size-medium\" alt=\"\" srcset=\"https:\/\/archive.sana.sy\/tr\/wp-content\/uploads\/2018\/01\/proje-3-300x168.jpg 300w, https:\/\/archive.sana.sy\/tr\/wp-content\/uploads\/2018\/01\/proje-3-150x84.jpg 150w, https:\/\/archive.sana.sy\/tr\/wp-content\/uploads\/2018\/01\/proje-3.jpg 660w\" sizes=\"auto, (max-width: 300px) 100vw, 300px\" \/><\/a>\n\t\t\t<\/div><\/figure><figure class='gallery-item'>\n\t\t\t<div class='gallery-icon landscape'>\n\t\t\t\t<a href='https:\/\/archive.sana.sy\/tr\/wp-content\/uploads\/2018\/01\/proje-2.jpg'><img loading=\"lazy\" decoding=\"async\" width=\"300\" height=\"168\" src=\"https:\/\/archive.sana.sy\/tr\/wp-content\/uploads\/2018\/01\/proje-2-300x168.jpg\" class=\"attachment-medium size-medium\" alt=\"\" srcset=\"https:\/\/archive.sana.sy\/tr\/wp-content\/uploads\/2018\/01\/proje-2-300x168.jpg 300w, https:\/\/archive.sana.sy\/tr\/wp-content\/uploads\/2018\/01\/proje-2-150x84.jpg 150w, https:\/\/archive.sana.sy\/tr\/wp-content\/uploads\/2018\/01\/proje-2.jpg 660w\" sizes=\"auto, (max-width: 300px) 100vw, 300px\" \/><\/a>\n\t\t\t<\/div><\/figure>\n\t\t<\/div>\n\n","protected":false},"excerpt":{"rendered":"<p>\u015eAM KIRSALI \u2013 Cud G\u00f6n\u00fcll\u00fcler Ekibi engelli gen\u00e7lerin k\u00fc\u00e7\u00fck ve orta \u00f6l\u00e7ekli i\u015f projeleri arac\u0131l\u0131\u011f\u0131 ile kendi ge\u00e7imlerini temin etmekle birlikte onlara sosyal ve ekonomik destek sa\u011flama amac\u0131yla \u015eam k\u0131rsal\u0131n\u0131n Deyr At\u0131yye Kentinde \u2018Evlerin Evi\u2019 slogan\u0131 alt\u0131nda bir faaliyet ba\u015flatt\u0131. Projenin teknik sorumlusu Vefa el Tut projenin gen\u00e7lere sosyal ve ekonomik destek temin edece\u011fi gibi &hellip;<\/p>\n","protected":false},"author":1,"featured_media":134830,"comment_status":"closed","ping_status":"closed","sticky":false,"template":"","format":"standard","meta":{"footnotes":""},"categories":[526,541,479,17988,525,538,478],"tags":[34330,8881,31063,34331,30809,3838],"class_list":["post-134829","post","type-post","status-publish","format-standard","has-post-thumbnail","","category-haber-ve-raporlar","category-haberler","category-haberler-yerel","category-son-haberler","category-toplum","category-yasam","category-yerel","tag-cud-gonulluler-ekibi","tag-ekonomik","tag-engelli","tag-genclerin","tag-sam-kirsalinin","tag-sosyal"],"_links":{"self":[{"href":"https:\/\/archive.sana.sy\/tr\/index.php?rest_route=\/wp\/v2\/posts\/134829","targetHints":{"allow":["GET"]}}],"collection":[{"href":"https:\/\/archive.sana.sy\/tr\/index.php?rest_route=\/wp\/v2\/posts"}],"about":[{"href":"https:\/\/archive.sana.sy\/tr\/index.php?rest_route=\/wp\/v2\/types\/post"}],"author":[{"embeddable":true,"href":"https:\/\/archive.sana.sy\/tr\/index.php?rest_route=\/wp\/v2\/users\/1"}],"replies":[{"embeddable":true,"href":"https:\/\/archive.sana.sy\/tr\/index.php?rest_route=%2Fwp%2Fv2%2Fcomments&post=134829"}],"version-history":[{"count":0,"href":"https:\/\/archive.sana.sy\/tr\/index.php?rest_route=\/wp\/v2\/posts\/134829\/revisions"}],"wp:featuredmedia":[{"embeddable":true,"href":"https:\/\/archive.sana.sy\/tr\/index.php?rest_route=\/wp\/v2\/media\/134830"}],"wp:attachment":[{"href":"https:\/\/archive.sana.sy\/tr\/index.php?rest_route=%2Fwp%2Fv2%2Fmedia&parent=134829"}],"wp:term":[{"taxonomy":"category","embeddable":true,"href":"https:\/\/archive.sana.sy\/tr\/index.php?rest_route=%2Fwp%2Fv2%2Fcategories&post=134829"},{"taxonomy":"post_tag","embeddable":true,"href":"https:\/\/archive.sana.sy\/tr\/index.php?rest_route=%2Fwp%2Fv2%2Ftags&post=134829"}],"curies":[{"name":"wp","href":"https:\/\/api.w.org\/{rel}","templated":true}]}}