{"id":134854,"date":"2018-01-10T09:00:22","date_gmt":"2018-01-10T07:00:22","guid":{"rendered":"https:\/\/www.sana.sy\/tr\/?p=134854"},"modified":"2018-01-11T16:13:37","modified_gmt":"2018-01-11T14:13:37","slug":"pragda-suriyenin-tarihi-eserlerine-isik-tutan-sergi","status":"publish","type":"post","link":"https:\/\/archive.sana.sy\/tr\/?p=134854","title":{"rendered":"Prag\u2019da Suriye&#8217;nin Tarihi Eserlerine I\u015f\u0131k Tutan Sergi"},"content":{"rendered":"<p>PRAG \u2013 \u00c7ek Cumhuriyetinde Ulusal M\u00fcze \u00f6n\u00fcm\u00fczdeki birka\u00e7 hafta i\u00e7inde ba\u015fkent Prag\u2019da Suriye&#8217;nin tarihi eserlerine ve medeniyetlerine \u0131\u015f\u0131k tutan bir foto\u011fraf sergisi d\u00fczenliyor.<\/p>\n<p>SANA\u2019n\u0131n Prag muhabiri sergide yer alacak foto\u011fraflar ve eserlerin b\u00fcy\u00fck bir k\u0131sm\u0131n\u0131n ba\u015fkent Prag\u2019a ula\u015ft\u0131\u011f\u0131n\u0131, serginin a\u00e7\u0131l\u0131\u015f\u0131 i\u00e7in haz\u0131rl\u0131klar\u0131n yo\u011fun bir \u015fekilde devam etti\u011fini aktard\u0131.<\/p>\n","protected":false},"excerpt":{"rendered":"<p>PRAG \u2013 \u00c7ek Cumhuriyetinde Ulusal M\u00fcze \u00f6n\u00fcm\u00fczdeki birka\u00e7 hafta i\u00e7inde ba\u015fkent Prag\u2019da Suriye&#8217;nin tarihi eserlerine ve medeniyetlerine \u0131\u015f\u0131k tutan bir foto\u011fraf sergisi d\u00fczenliyor. SANA\u2019n\u0131n Prag muhabiri sergide yer alacak foto\u011fraflar ve eserlerin b\u00fcy\u00fck bir k\u0131sm\u0131n\u0131n ba\u015fkent Prag\u2019a ula\u015ft\u0131\u011f\u0131n\u0131, serginin a\u00e7\u0131l\u0131\u015f\u0131 i\u00e7in haz\u0131rl\u0131klar\u0131n yo\u011fun bir \u015fekilde devam etti\u011fini aktard\u0131.<\/p>\n","protected":false},"author":1,"featured_media":134858,"comment_status":"closed","ping_status":"closed","sticky":false,"template":"","format":"standard","meta":{"footnotes":""},"categories":[458,516,459,511,17988],"tags":[31126,34336,25445,17122,16591,34335],"class_list":["post-134854","post","type-post","status-publish","format-standard","has-post-thumbnail","","category-dunya1","category-haberler-kultur-ve-sanat","category-haberler-arap-uluslararasi-politika","category-kultur-ve-sanat","category-son-haberler","tag-cek-cumhuriyetinde","tag-fotograflar","tag-prag","tag-sergi","tag-suriye","tag-ulusal-muze"],"_links":{"self":[{"href":"https:\/\/archive.sana.sy\/tr\/index.php?rest_route=\/wp\/v2\/posts\/134854","targetHints":{"allow":["GET"]}}],"collection":[{"href":"https:\/\/archive.sana.sy\/tr\/index.php?rest_route=\/wp\/v2\/posts"}],"about":[{"href":"https:\/\/archive.sana.sy\/tr\/index.php?rest_route=\/wp\/v2\/types\/post"}],"author":[{"embeddable":true,"href":"https:\/\/archive.sana.sy\/tr\/index.php?rest_route=\/wp\/v2\/users\/1"}],"replies":[{"embeddable":true,"href":"https:\/\/archive.sana.sy\/tr\/index.php?rest_route=%2Fwp%2Fv2%2Fcomments&post=134854"}],"version-history":[{"count":0,"href":"https:\/\/archive.sana.sy\/tr\/index.php?rest_route=\/wp\/v2\/posts\/134854\/revisions"}],"wp:featuredmedia":[{"embeddable":true,"href":"https:\/\/archive.sana.sy\/tr\/index.php?rest_route=\/wp\/v2\/media\/134858"}],"wp:attachment":[{"href":"https:\/\/archive.sana.sy\/tr\/index.php?rest_route=%2Fwp%2Fv2%2Fmedia&parent=134854"}],"wp:term":[{"taxonomy":"category","embeddable":true,"href":"https:\/\/archive.sana.sy\/tr\/index.php?rest_route=%2Fwp%2Fv2%2Fcategories&post=134854"},{"taxonomy":"post_tag","embeddable":true,"href":"https:\/\/archive.sana.sy\/tr\/index.php?rest_route=%2Fwp%2Fv2%2Ftags&post=134854"}],"curies":[{"name":"wp","href":"https:\/\/api.w.org\/{rel}","templated":true}]}}