{"id":134864,"date":"2018-01-10T14:19:11","date_gmt":"2018-01-10T12:19:11","guid":{"rendered":"https:\/\/www.sana.sy\/tr\/?p=134864"},"modified":"2018-01-11T16:11:09","modified_gmt":"2018-01-11T14:11:09","slug":"soci-konferansina-hazirliklar-suruyor","status":"publish","type":"post","link":"https:\/\/archive.sana.sy\/tr\/?p=134864","title":{"rendered":"So\u00e7i Konferans\u0131na Haz\u0131rl\u0131klar S\u00fcr\u00fcyor"},"content":{"rendered":"<p>MOSKOVA \u2013 Rusya Ba\u015fkanl\u0131k Saray\u0131 Kremlin S\u00f6zc\u00fcs\u00fc Dmitry Peskov; bu ay\u0131n sonlar\u0131nda Rusya&#8217;n\u0131n So\u00e7i Kentinde d\u00fczenlenmesi beklenen Suriye Ulusal Diyalog Konferans\u0131 i\u00e7in haz\u0131rl\u0131klar\u0131n gerilimi azaltma b\u00f6lgeleri anla\u015fmas\u0131n\u0131n garant\u00f6r \u00fclkeleri Rusya, \u0130ran ve T\u00fcrkiye&#8217;den uzmanlar aras\u0131ndaki g\u00f6r\u00fc\u015fmelerle devam etti\u011fini a\u00e7\u0131klad\u0131.<\/p>\n<p>Peskov bug\u00fcn Moskova\u2019da bas\u0131n mensuplar\u0131na yapt\u0131\u011f\u0131 a\u00e7\u0131klamada konferansa haz\u0131rl\u0131klar\u0131n garant\u00f6r \u00fclkelerden uzmanlar taraf\u0131ndan y\u00fcksek bir \u00f6zen ve ilgiyle devam etti\u011fini kaydederken konferans kat\u0131l\u0131mc\u0131lar\u0131 listesinin hen\u00fcz belirlenmedi\u011fine i\u015faret etti.<\/p>\n<p>Konferans \u00f6ncesinde \u00fc\u00e7 garant\u00f6r \u00fclke liderlerinin bir zirve d\u00fczenlemeleri ihtimaline ili\u015fkin soruya cevab\u0131nda Peskov; \u201c\u015fu ana kadar \u00fc\u00e7 \u00fclke aras\u0131nda y\u00fcksek d\u00fczeyli bir g\u00f6r\u00fc\u015fme g\u00fcndeminin bulunmamaktad\u0131r. Fakat bu gibi g\u00f6r\u00fc\u015fmeler gerekmesi halinde h\u0131zl\u0131 bir \u015fekilde belirlenir.\u201d \u0130fadesini kulland\u0131.<\/p>\n<p>Garant\u00f6r \u00fclkeler Astana 8 g\u00f6r\u00fc\u015fmelerinin bitiminde Suriye halk\u0131n\u0131n t\u00fcm bile\u015fenlerinin kat\u0131l\u0131m\u0131yla 29-30 Ocak tarihleri aras\u0131nda Rusya&#8217;n\u0131n So\u00e7i kentinde Suriye Ulusal Diyalog Konferans\u0131n\u0131n d\u00fczenlenmesi karar\u0131 alm\u0131\u015flard\u0131.<\/p>\n","protected":false},"excerpt":{"rendered":"<p>MOSKOVA \u2013 Rusya Ba\u015fkanl\u0131k Saray\u0131 Kremlin S\u00f6zc\u00fcs\u00fc Dmitry Peskov; bu ay\u0131n sonlar\u0131nda Rusya&#8217;n\u0131n So\u00e7i Kentinde d\u00fczenlenmesi beklenen Suriye Ulusal Diyalog Konferans\u0131 i\u00e7in haz\u0131rl\u0131klar\u0131n gerilimi azaltma b\u00f6lgeleri anla\u015fmas\u0131n\u0131n garant\u00f6r \u00fclkeleri Rusya, \u0130ran ve T\u00fcrkiye&#8217;den uzmanlar aras\u0131ndaki g\u00f6r\u00fc\u015fmelerle devam etti\u011fini a\u00e7\u0131klad\u0131. Peskov bug\u00fcn Moskova\u2019da bas\u0131n mensuplar\u0131na yapt\u0131\u011f\u0131 a\u00e7\u0131klamada konferansa haz\u0131rl\u0131klar\u0131n garant\u00f6r \u00fclkelerden uzmanlar taraf\u0131ndan y\u00fcksek bir \u00f6zen &hellip;<\/p>\n","protected":false},"author":1,"featured_media":134914,"comment_status":"closed","ping_status":"closed","sticky":false,"template":"","format":"standard","meta":{"footnotes":""},"categories":[458,459,17988],"tags":[17033,29218,18312,33990,34346,22181],"class_list":["post-134864","post","type-post","status-publish","format-standard","has-post-thumbnail","","category-dunya1","category-haberler-arap-uluslararasi-politika","category-son-haberler","tag-dmitry-peskov","tag-garantor-ulkeler","tag-kremlin","tag-soci-konferansi","tag-suriye-diyalog-konferansi","tag-suriyeliler"],"_links":{"self":[{"href":"https:\/\/archive.sana.sy\/tr\/index.php?rest_route=\/wp\/v2\/posts\/134864","targetHints":{"allow":["GET"]}}],"collection":[{"href":"https:\/\/archive.sana.sy\/tr\/index.php?rest_route=\/wp\/v2\/posts"}],"about":[{"href":"https:\/\/archive.sana.sy\/tr\/index.php?rest_route=\/wp\/v2\/types\/post"}],"author":[{"embeddable":true,"href":"https:\/\/archive.sana.sy\/tr\/index.php?rest_route=\/wp\/v2\/users\/1"}],"replies":[{"embeddable":true,"href":"https:\/\/archive.sana.sy\/tr\/index.php?rest_route=%2Fwp%2Fv2%2Fcomments&post=134864"}],"version-history":[{"count":0,"href":"https:\/\/archive.sana.sy\/tr\/index.php?rest_route=\/wp\/v2\/posts\/134864\/revisions"}],"wp:featuredmedia":[{"embeddable":true,"href":"https:\/\/archive.sana.sy\/tr\/index.php?rest_route=\/wp\/v2\/media\/134914"}],"wp:attachment":[{"href":"https:\/\/archive.sana.sy\/tr\/index.php?rest_route=%2Fwp%2Fv2%2Fmedia&parent=134864"}],"wp:term":[{"taxonomy":"category","embeddable":true,"href":"https:\/\/archive.sana.sy\/tr\/index.php?rest_route=%2Fwp%2Fv2%2Fcategories&post=134864"},{"taxonomy":"post_tag","embeddable":true,"href":"https:\/\/archive.sana.sy\/tr\/index.php?rest_route=%2Fwp%2Fv2%2Ftags&post=134864"}],"curies":[{"name":"wp","href":"https:\/\/api.w.org\/{rel}","templated":true}]}}