{"id":134916,"date":"2018-01-10T14:51:05","date_gmt":"2018-01-10T12:51:05","guid":{"rendered":"https:\/\/www.sana.sy\/tr\/?p=134916"},"modified":"2018-01-11T12:10:16","modified_gmt":"2018-01-11T10:10:16","slug":"irade-kararlilik-ve-vatan-sevgisinin-tum-anlamlarini-somutlastirdilar-video","status":"publish","type":"post","link":"https:\/\/archive.sana.sy\/tr\/?p=134916","title":{"rendered":"\u0130rade, Kararl\u0131l\u0131k ve Vatan Sevgisinin T\u00fcm Anlamlar\u0131n\u0131 Somutla\u015ft\u0131rd\u0131lar (video)"},"content":{"rendered":"<p>\u015eAM \u2013 \u0130yka el Hayat (Hayat Ritmi) G\u00f6n\u00fcll\u00fcler Ekibi vatan ve ya\u015fam sevgisinin yan\u0131 s\u0131ra vatanda\u015flar\u0131n y\u00fczlerinde tebess\u00fcm\u00fc resmetmek ve \u015eam\u2019\u0131n g\u00fczelli\u011fine g\u00fczellik katmak amac\u0131yla yedinci duvar levhas\u0131n\u0131 ger\u00e7ekle\u015ftiriyor.<\/p>\n<p>Ba\u015fkent \u015eam\u2019\u0131n ortas\u0131nda yer alan Dar\u00fcsselam Okulunun duvar\u0131nda resmetti\u011fi yeni levhas\u0131nda daha \u00f6nce resmetti\u011fi yedi duvar levhas\u0131ndan farkl\u0131 teknikler kullan\u0131yor.<\/p>\n<p>G\u00f6n\u00fcll\u00fcler ekibi be\u015f ay s\u00fcren \u00e7al\u0131\u015fmalar\u0131nda levhada sanatsal ve plastik sanat sembollerini i\u015fliyor. Levhada yedi y\u0131ld\u0131r muhtelif y\u00f6nl\u00fc evrensel bir sava\u015fa maruz kalan Suriyelileri depresyon ve psikolojik sa\u011fl\u0131ktan geni\u015f ufuklu ya\u015fam sevincine ta\u015f\u0131yan g\u00f6n\u00fcll\u00fc sanat\u00e7\u0131klar ekibi; 6 metrekarelik levhada irade, kararl\u0131l\u0131k ve vatan sevgisinin t\u00fcm anlamlar\u0131n\u0131 somutla\u015ft\u0131rmay\u0131 ba\u015fard\u0131.<\/p>\n<p>https:\/\/www.youtube.com\/watch?v=5DDGg2WtRoA<\/p>\n","protected":false},"excerpt":{"rendered":"<p>\u015eAM \u2013 \u0130yka el Hayat (Hayat Ritmi) G\u00f6n\u00fcll\u00fcler Ekibi vatan ve ya\u015fam sevgisinin yan\u0131 s\u0131ra vatanda\u015flar\u0131n y\u00fczlerinde tebess\u00fcm\u00fc resmetmek ve \u015eam\u2019\u0131n g\u00fczelli\u011fine g\u00fczellik katmak amac\u0131yla yedinci duvar levhas\u0131n\u0131 ger\u00e7ekle\u015ftiriyor. Ba\u015fkent \u015eam\u2019\u0131n ortas\u0131nda yer alan Dar\u00fcsselam Okulunun duvar\u0131nda resmetti\u011fi yeni levhas\u0131nda daha \u00f6nce resmetti\u011fi yedi duvar levhas\u0131ndan farkl\u0131 teknikler kullan\u0131yor. G\u00f6n\u00fcll\u00fcler ekibi be\u015f ay s\u00fcren \u00e7al\u0131\u015fmalar\u0131nda &hellip;<\/p>\n","protected":false},"author":1,"featured_media":134931,"comment_status":"closed","ping_status":"closed","sticky":false,"template":"","format":"standard","meta":{"footnotes":""},"categories":[596,526,479,541,516,511,17988,525,538,478],"tags":[34347,2755,16591,22181],"class_list":["post-134916","post","type-post","status-publish","format-standard","has-post-thumbnail","","category-fotografli-raporlar","category-haber-ve-raporlar","category-haberler-yerel","category-haberler","category-haberler-kultur-ve-sanat","category-kultur-ve-sanat","category-son-haberler","category-toplum","category-yasam","category-yerel","tag-duvar-levhasi","tag-sam","tag-suriye","tag-suriyeliler"],"_links":{"self":[{"href":"https:\/\/archive.sana.sy\/tr\/index.php?rest_route=\/wp\/v2\/posts\/134916","targetHints":{"allow":["GET"]}}],"collection":[{"href":"https:\/\/archive.sana.sy\/tr\/index.php?rest_route=\/wp\/v2\/posts"}],"about":[{"href":"https:\/\/archive.sana.sy\/tr\/index.php?rest_route=\/wp\/v2\/types\/post"}],"author":[{"embeddable":true,"href":"https:\/\/archive.sana.sy\/tr\/index.php?rest_route=\/wp\/v2\/users\/1"}],"replies":[{"embeddable":true,"href":"https:\/\/archive.sana.sy\/tr\/index.php?rest_route=%2Fwp%2Fv2%2Fcomments&post=134916"}],"version-history":[{"count":0,"href":"https:\/\/archive.sana.sy\/tr\/index.php?rest_route=\/wp\/v2\/posts\/134916\/revisions"}],"wp:featuredmedia":[{"embeddable":true,"href":"https:\/\/archive.sana.sy\/tr\/index.php?rest_route=\/wp\/v2\/media\/134931"}],"wp:attachment":[{"href":"https:\/\/archive.sana.sy\/tr\/index.php?rest_route=%2Fwp%2Fv2%2Fmedia&parent=134916"}],"wp:term":[{"taxonomy":"category","embeddable":true,"href":"https:\/\/archive.sana.sy\/tr\/index.php?rest_route=%2Fwp%2Fv2%2Fcategories&post=134916"},{"taxonomy":"post_tag","embeddable":true,"href":"https:\/\/archive.sana.sy\/tr\/index.php?rest_route=%2Fwp%2Fv2%2Ftags&post=134916"}],"curies":[{"name":"wp","href":"https:\/\/api.w.org\/{rel}","templated":true}]}}