{"id":134937,"date":"2018-01-10T15:09:17","date_gmt":"2018-01-10T13:09:17","guid":{"rendered":"https:\/\/www.sana.sy\/tr\/?p=134937"},"modified":"2018-01-11T16:10:07","modified_gmt":"2018-01-11T14:10:07","slug":"hamada-konut-sorunu-cozumune-katki-saglayacak","status":"publish","type":"post","link":"https:\/\/archive.sana.sy\/tr\/?p=134937","title":{"rendered":"Hama\u2019da Konut Sorunu \u00c7\u00f6z\u00fcm\u00fcne Katk\u0131 Sa\u011flayacak"},"content":{"rendered":"<p>HAMA \u2013 \u0130skan Kamu Kurumu Hama\u2019da konut sorununun \u00e7\u00f6z\u00fcm\u00fcne katk\u0131 bulunma amac\u0131yla Hama \u0130linin yakla\u015f\u0131k 10 km g\u00fcneydo\u011fusunda yer alan Vefa Banliy\u00f6s\u00fcnde 80 hektarl\u0131k alan \u00fczerinde 64 yerle\u015fim binas\u0131n\u0131 in\u015faat etme projesini yeniden etkinle\u015ftirdi.<\/p>\n<p>Kurumun Hama \u0130l M\u00fcd\u00fcr\u00fc Yaser Dbeys konut projesinin hayata ge\u00e7irilmesini aksatan eski m\u00fcteahhitlerle ili\u015fkinin kesildi\u011fini belirterek projenin yeni m\u00fcteahhitlerle hayata ge\u00e7irilece\u011fini kaydetti.<\/p>\n<p>Dbeys in\u015fa edilen yeni konut projelerinin kuruma kay\u0131tl\u0131 t\u00fcm vatanda\u015flar\u0131n taleplerini kar\u015f\u0131layacak say\u0131da daire i\u00e7erdi\u011fini ifade ederken, in\u015faat\u0131 tamamlanan dairelerin derhal sahiplerine teslim edilece\u011fini belirtti.<\/p>\n","protected":false},"excerpt":{"rendered":"<p>HAMA \u2013 \u0130skan Kamu Kurumu Hama\u2019da konut sorununun \u00e7\u00f6z\u00fcm\u00fcne katk\u0131 bulunma amac\u0131yla Hama \u0130linin yakla\u015f\u0131k 10 km g\u00fcneydo\u011fusunda yer alan Vefa Banliy\u00f6s\u00fcnde 80 hektarl\u0131k alan \u00fczerinde 64 yerle\u015fim binas\u0131n\u0131 in\u015faat etme projesini yeniden etkinle\u015ftirdi. Kurumun Hama \u0130l M\u00fcd\u00fcr\u00fc Yaser Dbeys konut projesinin hayata ge\u00e7irilmesini aksatan eski m\u00fcteahhitlerle ili\u015fkinin kesildi\u011fini belirterek projenin yeni m\u00fcteahhitlerle hayata ge\u00e7irilece\u011fini &hellip;<\/p>\n","protected":false},"author":1,"featured_media":134938,"comment_status":"closed","ping_status":"closed","sticky":false,"template":"","format":"standard","meta":{"footnotes":""},"categories":[485,486,17988],"tags":[2492,34348,16591,22181],"class_list":["post-134937","post","type-post","status-publish","format-standard","has-post-thumbnail","","category-is-ve-sermaye","category-haberler-is-ve-sermaye","category-son-haberler","tag-hama","tag-konut-projesi","tag-suriye","tag-suriyeliler"],"_links":{"self":[{"href":"https:\/\/archive.sana.sy\/tr\/index.php?rest_route=\/wp\/v2\/posts\/134937","targetHints":{"allow":["GET"]}}],"collection":[{"href":"https:\/\/archive.sana.sy\/tr\/index.php?rest_route=\/wp\/v2\/posts"}],"about":[{"href":"https:\/\/archive.sana.sy\/tr\/index.php?rest_route=\/wp\/v2\/types\/post"}],"author":[{"embeddable":true,"href":"https:\/\/archive.sana.sy\/tr\/index.php?rest_route=\/wp\/v2\/users\/1"}],"replies":[{"embeddable":true,"href":"https:\/\/archive.sana.sy\/tr\/index.php?rest_route=%2Fwp%2Fv2%2Fcomments&post=134937"}],"version-history":[{"count":0,"href":"https:\/\/archive.sana.sy\/tr\/index.php?rest_route=\/wp\/v2\/posts\/134937\/revisions"}],"wp:featuredmedia":[{"embeddable":true,"href":"https:\/\/archive.sana.sy\/tr\/index.php?rest_route=\/wp\/v2\/media\/134938"}],"wp:attachment":[{"href":"https:\/\/archive.sana.sy\/tr\/index.php?rest_route=%2Fwp%2Fv2%2Fmedia&parent=134937"}],"wp:term":[{"taxonomy":"category","embeddable":true,"href":"https:\/\/archive.sana.sy\/tr\/index.php?rest_route=%2Fwp%2Fv2%2Fcategories&post=134937"},{"taxonomy":"post_tag","embeddable":true,"href":"https:\/\/archive.sana.sy\/tr\/index.php?rest_route=%2Fwp%2Fv2%2Ftags&post=134937"}],"curies":[{"name":"wp","href":"https:\/\/api.w.org\/{rel}","templated":true}]}}