{"id":135208,"date":"2018-01-13T16:02:54","date_gmt":"2018-01-13T14:02:54","guid":{"rendered":"https:\/\/www.sana.sy\/tr\/?p=135208"},"modified":"2018-01-14T12:03:49","modified_gmt":"2018-01-14T10:03:49","slug":"teror-mayinlari-3-cocugu-yaraladi","status":"publish","type":"post","link":"https:\/\/archive.sana.sy\/tr\/?p=135208","title":{"rendered":"Ter\u00f6r May\u0131nlar\u0131 3 \u00c7ocu\u011fu Yaralad\u0131"},"content":{"rendered":"<p>KUNAYTRA \u2013 Siyonist \u0130srail\u2019in yan\u0131 s\u0131ra daha ba\u015fka devletlerin destekledikleri ve edat olarak kulland\u0131klar\u0131 radikal ter\u00f6r \u00f6rg\u00fct\u00fc Nusra Cephesi\u2019nin Kunaytra k\u0131rsal\u0131 Caba K\u00f6y\u00fcnden yok edilmeden \u00f6nce yerle\u015ftirdi\u011fi may\u0131nlardan birinin patlamas\u0131 sonucunda 3 \u00e7ocuk yaraland\u0131.<\/p>\n<p>Kunaytra\u2019da \u00e7ocuklar\u0131n kald\u0131r\u0131ld\u0131klar\u0131 \u015eehit Memduh Abaza Hastanesinde t\u0131bbi bir kaynak yapt\u0131\u011f\u0131 a\u00e7\u0131klamada, ya\u015flar\u0131 12 ila 13 aras\u0131nda de\u011fi\u015fen \u00e7ocuklar\u0131n t\u00fcm v\u00fccutlar\u0131nda \u015farapnel par\u00e7alar\u0131 bulundu\u011funu s\u00f6yledi. T\u0131bbi kaynak \u00e7ocuklardan birinin durumunun ciddi oldu\u011funa dikkat \u00e7ekerken gerekli acil m\u00fcdahalenin yap\u0131lmas\u0131 ard\u0131ndan ba\u015fkent \u015eam\u2019daki hastanelere sevk edildiklerini kaydetti.<\/p>\n<p>Ter\u00f6r \u00f6rg\u00fctleri ba\u015fka b\u00f6lgelerde oldu\u011fu gibi Kunaytra k\u0131rsal\u0131nda da \u00e7ekilmeden yada ordu birliklerimiz taraf\u0131ndan yok edilmeden \u00f6nce \u00f6zel ve kamu m\u00fclklere may\u0131n veya bomba d\u00fczenekleri yerle\u015ftiriyor. Bu may\u0131n ya da bomba d\u00fczeneklerinin patlamalar\u0131 sonucunda da \u00e7ocuklar dahil bir\u00e7ok sivil vatanda\u015f \u015fehit veya yaral\u0131 d\u00fc\u015f\u00fcyor.<\/p>\n<p>K.\u00d6.<\/p>\n","protected":false},"excerpt":{"rendered":"<p>KUNAYTRA \u2013 Siyonist \u0130srail\u2019in yan\u0131 s\u0131ra daha ba\u015fka devletlerin destekledikleri ve edat olarak kulland\u0131klar\u0131 radikal ter\u00f6r \u00f6rg\u00fct\u00fc Nusra Cephesi\u2019nin Kunaytra k\u0131rsal\u0131 Caba K\u00f6y\u00fcnden yok edilmeden \u00f6nce yerle\u015ftirdi\u011fi may\u0131nlardan birinin patlamas\u0131 sonucunda 3 \u00e7ocuk yaraland\u0131. Kunaytra\u2019da \u00e7ocuklar\u0131n kald\u0131r\u0131ld\u0131klar\u0131 \u015eehit Memduh Abaza Hastanesinde t\u0131bbi bir kaynak yapt\u0131\u011f\u0131 a\u00e7\u0131klamada, ya\u015flar\u0131 12 ila 13 aras\u0131nda de\u011fi\u015fen \u00e7ocuklar\u0131n t\u00fcm v\u00fccutlar\u0131nda &hellip;<\/p>\n","protected":false},"author":1,"featured_media":135210,"comment_status":"closed","ping_status":"closed","sticky":false,"template":"","format":"standard","meta":{"footnotes":""},"categories":[479,575,17988,478],"tags":[34396,34397,3564,19677,16591,22181,28612],"class_list":["post-135208","post","type-post","status-publish","format-standard","has-post-thumbnail","","category-haberler-yerel","category-olaylar-ve-gercekler","category-son-haberler","category-yerel","tag-3-cocuk-yaralandi","tag-caba-koyu","tag-kunaytra","tag-mayin-patladi","tag-suriye","tag-suriyeliler","tag-teror-orgutu-nusra-cephesi"],"_links":{"self":[{"href":"https:\/\/archive.sana.sy\/tr\/index.php?rest_route=\/wp\/v2\/posts\/135208","targetHints":{"allow":["GET"]}}],"collection":[{"href":"https:\/\/archive.sana.sy\/tr\/index.php?rest_route=\/wp\/v2\/posts"}],"about":[{"href":"https:\/\/archive.sana.sy\/tr\/index.php?rest_route=\/wp\/v2\/types\/post"}],"author":[{"embeddable":true,"href":"https:\/\/archive.sana.sy\/tr\/index.php?rest_route=\/wp\/v2\/users\/1"}],"replies":[{"embeddable":true,"href":"https:\/\/archive.sana.sy\/tr\/index.php?rest_route=%2Fwp%2Fv2%2Fcomments&post=135208"}],"version-history":[{"count":0,"href":"https:\/\/archive.sana.sy\/tr\/index.php?rest_route=\/wp\/v2\/posts\/135208\/revisions"}],"wp:featuredmedia":[{"embeddable":true,"href":"https:\/\/archive.sana.sy\/tr\/index.php?rest_route=\/wp\/v2\/media\/135210"}],"wp:attachment":[{"href":"https:\/\/archive.sana.sy\/tr\/index.php?rest_route=%2Fwp%2Fv2%2Fmedia&parent=135208"}],"wp:term":[{"taxonomy":"category","embeddable":true,"href":"https:\/\/archive.sana.sy\/tr\/index.php?rest_route=%2Fwp%2Fv2%2Fcategories&post=135208"},{"taxonomy":"post_tag","embeddable":true,"href":"https:\/\/archive.sana.sy\/tr\/index.php?rest_route=%2Fwp%2Fv2%2Ftags&post=135208"}],"curies":[{"name":"wp","href":"https:\/\/api.w.org\/{rel}","templated":true}]}}