{"id":135214,"date":"2018-01-13T17:21:12","date_gmt":"2018-01-13T15:21:12","guid":{"rendered":"https:\/\/www.sana.sy\/tr\/?p=135214"},"modified":"2018-01-14T12:03:48","modified_gmt":"2018-01-14T10:03:48","slug":"kendi-topraklarinda-her-turlu-operasyonu-yapma-hakkina-sahiptir","status":"publish","type":"post","link":"https:\/\/archive.sana.sy\/tr\/?p=135214","title":{"rendered":"Kendi Topraklar\u0131nda Her T\u00fcrl\u00fc Operasyonu Yapma Hakk\u0131na Sahiptir"},"content":{"rendered":"<p>ANKARA \u2013 T\u00fcrkiye&#8217;de emekli General Cahit Arma\u011fan Dilek, T\u00fcrkiye rejiminin Suriye Ordusu\u2019nun \u0130dlib\u2019te ter\u00f6r \u00f6rg\u00fctlerine kar\u015f\u0131 yapt\u0131\u011f\u0131 askeri operasyonlara kar\u015f\u0131 tepkisinde derin bir \u015fa\u015fk\u0131nl\u0131k ya\u015fad\u0131\u011f\u0131n\u0131 ifade ederken, Suriye Devletinin \u0130dlib, \u015eam K\u0131rsal\u0131 ya da Suriye&#8217;nin herhangi bir b\u00f6lgesinde ter\u00f6rle m\u00fccadele etme hakk\u0131n\u0131n oldu\u011funu s\u00f6yledi.<\/p>\n<p>Dilek Halk Televizyonuna yapt\u0131\u011f\u0131 a\u00e7\u0131klamada, &#8220;B\u00fct\u00fcn bu b\u00f6lgeler Suriye topraklar\u0131 olup Suriye devleti ter\u00f6ristleri yok edene kadar onlara kar\u015f\u0131 sava\u015fma hakk\u0131na sahiptir..&#8221; dedi.<\/p>\n<p>Emekli T\u00fcrk general Dilek bir k\u0131s\u0131m \u00fclkelerin, \u0130srail&#8217;in varl\u0131\u011f\u0131na tehdit olarak g\u00f6rd\u00fckleri Suriye ve b\u00f6lgedeki di\u011fer \u00fclkeleri yok etme planlar\u0131n\u0131 tamamlayabilmek \u00fczere kullanmak i\u00e7in \u0130dlib ilini muhtelif isimler alt\u0131nda ter\u00f6r estiren \u00f6rg\u00fctlerin ana karargah\u0131 haline d\u00f6n\u00fc\u015ft\u00fcrmek istediklerine dikkat \u00e7ekti.<\/p>\n<p>Bu arada T\u00fcrkiye&#8217;de Cumhuriyet Halk Partisi Ba\u015fkan Yard\u0131mc\u0131s\u0131 \u00d6zt\u00fcrk Y\u0131lmaz d\u00fcn FOX TV\u2019ye yapt\u0131\u011f\u0131 a\u00e7\u0131klamada, \u0130dlib \u0130linde radikal ter\u00f6r \u00f6rg\u00fctlerinin bulunmas\u0131n\u0131n tek sorumlusunun T\u00fcrkiye rejimi ba\u015fkan\u0131 Recep Tayyip Erdo\u011fan oldu\u011funu vurgulam\u0131\u015ft\u0131. Y\u0131lmaz Suriye devletinin de gerek \u0130dlib gerekse Suriye&#8217;nin her yerinde ter\u00f6rle m\u00fccadele etme hak ve me\u015frulu\u011funun alt\u0131n\u0131 \u00e7izmi\u015fti.<\/p>\n<p>K.\u00d6.<\/p>\n","protected":false},"excerpt":{"rendered":"<p>ANKARA \u2013 T\u00fcrkiye&#8217;de emekli General Cahit Arma\u011fan Dilek, T\u00fcrkiye rejiminin Suriye Ordusu\u2019nun \u0130dlib\u2019te ter\u00f6r \u00f6rg\u00fctlerine kar\u015f\u0131 yapt\u0131\u011f\u0131 askeri operasyonlara kar\u015f\u0131 tepkisinde derin bir \u015fa\u015fk\u0131nl\u0131k ya\u015fad\u0131\u011f\u0131n\u0131 ifade ederken, Suriye Devletinin \u0130dlib, \u015eam K\u0131rsal\u0131 ya da Suriye&#8217;nin herhangi bir b\u00f6lgesinde ter\u00f6rle m\u00fccadele etme hakk\u0131n\u0131n oldu\u011funu s\u00f6yledi. Dilek Halk Televizyonuna yapt\u0131\u011f\u0131 a\u00e7\u0131klamada, &#8220;B\u00fct\u00fcn bu b\u00f6lgeler Suriye topraklar\u0131 olup &hellip;<\/p>\n","protected":false},"author":1,"featured_media":135216,"comment_status":"closed","ping_status":"closed","sticky":false,"template":"","format":"standard","meta":{"footnotes":""},"categories":[17988,2554,2555],"tags":[12159,34398,34400,34399,1294,34401,16591,22181],"class_list":["post-135214","post","type-post","status-publish","format-standard","has-post-thumbnail","","category-son-haberler","category-suriye-ve-dunya","category-suriye-ve-turkiye","tag-ankara","tag-cahit-armagan-dilek","tag-cumhuriyet-halk-partisi","tag-emekli-general","tag-idlib","tag-ozturk-yilmaz","tag-suriye","tag-suriyeliler"],"_links":{"self":[{"href":"https:\/\/archive.sana.sy\/tr\/index.php?rest_route=\/wp\/v2\/posts\/135214","targetHints":{"allow":["GET"]}}],"collection":[{"href":"https:\/\/archive.sana.sy\/tr\/index.php?rest_route=\/wp\/v2\/posts"}],"about":[{"href":"https:\/\/archive.sana.sy\/tr\/index.php?rest_route=\/wp\/v2\/types\/post"}],"author":[{"embeddable":true,"href":"https:\/\/archive.sana.sy\/tr\/index.php?rest_route=\/wp\/v2\/users\/1"}],"replies":[{"embeddable":true,"href":"https:\/\/archive.sana.sy\/tr\/index.php?rest_route=%2Fwp%2Fv2%2Fcomments&post=135214"}],"version-history":[{"count":0,"href":"https:\/\/archive.sana.sy\/tr\/index.php?rest_route=\/wp\/v2\/posts\/135214\/revisions"}],"wp:featuredmedia":[{"embeddable":true,"href":"https:\/\/archive.sana.sy\/tr\/index.php?rest_route=\/wp\/v2\/media\/135216"}],"wp:attachment":[{"href":"https:\/\/archive.sana.sy\/tr\/index.php?rest_route=%2Fwp%2Fv2%2Fmedia&parent=135214"}],"wp:term":[{"taxonomy":"category","embeddable":true,"href":"https:\/\/archive.sana.sy\/tr\/index.php?rest_route=%2Fwp%2Fv2%2Fcategories&post=135214"},{"taxonomy":"post_tag","embeddable":true,"href":"https:\/\/archive.sana.sy\/tr\/index.php?rest_route=%2Fwp%2Fv2%2Ftags&post=135214"}],"curies":[{"name":"wp","href":"https:\/\/api.w.org\/{rel}","templated":true}]}}