{"id":135306,"date":"2018-01-14T16:31:41","date_gmt":"2018-01-14T14:31:41","guid":{"rendered":"https:\/\/www.sana.sy\/tr\/?p=135306"},"modified":"2018-01-15T11:42:03","modified_gmt":"2018-01-15T09:42:03","slug":"teroristlerden-kacanlar-evlerine-donuyor","status":"publish","type":"post","link":"https:\/\/archive.sana.sy\/tr\/?p=135306","title":{"rendered":"Ter\u00f6ristlerden Ka\u00e7anlar Evlerine D\u00f6n\u00fcyor (video)"},"content":{"rendered":"<p>\u015eAM KIRSALI \u2013 \u015eam \u00c7evre Kent Valisi Ala \u0130brahim ba\u015fkent \u015eam\u2019\u0131n g\u00fcneybat\u0131 k\u0131rsal\u0131nda Kunaytra il idari s\u0131n\u0131rlar\u0131na yak\u0131n d\u00fc\u015fen Mu\u011fr el Mir Beldesine saha ziyaretinde bulundu.<\/p>\n<p>Saha ziyareti s\u0131ras\u0131nda Vali \u0130brahim birka\u00e7 g\u00fcn \u00f6nce ter\u00f6rden tamamen temizlenen Beyt Cin ve Beyt Cin Mezras\u0131n\u0131n yan\u0131 s\u0131ra civardaki t\u00fcm belde ve k\u00f6ylerde daha \u00f6nce \u0130srail\u2019den destek alan ter\u00f6ristlerin sald\u0131r\u0131lar\u0131ndan dolay\u0131 tehcir edilen t\u00fcm ailelerin evlerine d\u00f6nmeye ba\u015flad\u0131klar\u0131n\u0131 ilan etti.<\/p>\n<p>Vali \u0130brahim bu b\u00f6lgelerin tamamen ordu birliklerimizin kontrol\u00fcne ge\u00e7mesi ard\u0131ndan vatanda\u015flar\u0131n g\u00f6n\u00fcl rahatl\u0131\u011f\u0131 ile d\u00f6nebileceklerine dikkat \u00e7ekerken, valili\u011fin d\u00f6nen aileler i\u00e7in temel hizmetler ve gereksinimleri temin edece\u011fini kaydetti.<\/p>\n<p>20 binden fazla n\u00fcfusa sahip olan Beyt Cin ve Beyt Cin ahalisinden d\u00fcn, daha \u00f6nce ter\u00f6r \u00f6rg\u00fctlerin sald\u0131r\u0131lar\u0131 nedeniyle evlerinden tehcir edilip \u015eam ve k\u0131rsal\u0131nda ordu kontrol\u00fcndeki alanlara s\u0131\u011f\u0131nan 500\u2019den fazla aile evlerine d\u00f6nm\u00fc\u015ft\u00fc.<\/p>\n<p>https:\/\/www.youtube.com\/watch?v=k2MH73ajngs<\/p>\n","protected":false},"excerpt":{"rendered":"<p>\u015eAM KIRSALI \u2013 \u015eam \u00c7evre Kent Valisi Ala \u0130brahim ba\u015fkent \u015eam\u2019\u0131n g\u00fcneybat\u0131 k\u0131rsal\u0131nda Kunaytra il idari s\u0131n\u0131rlar\u0131na yak\u0131n d\u00fc\u015fen Mu\u011fr el Mir Beldesine saha ziyaretinde bulundu. Saha ziyareti s\u0131ras\u0131nda Vali \u0130brahim birka\u00e7 g\u00fcn \u00f6nce ter\u00f6rden tamamen temizlenen Beyt Cin ve Beyt Cin Mezras\u0131n\u0131n yan\u0131 s\u0131ra civardaki t\u00fcm belde ve k\u00f6ylerde daha \u00f6nce \u0130srail\u2019den destek alan &hellip;<\/p>\n","protected":false},"author":1,"featured_media":135375,"comment_status":"closed","ping_status":"closed","sticky":false,"template":"","format":"standard","meta":{"footnotes":""},"categories":[479,17988,478],"tags":[19871,34406,34427,34428,16591,22181,25850],"class_list":["post-135306","post","type-post","status-publish","format-standard","has-post-thumbnail","","category-haberler-yerel","category-son-haberler","category-yerel","tag-aileler-evlerine-donuyor","tag-beyt-cin","tag-beyt-cin-mezrasi","tag-mugr-el-mir-beldesi","tag-suriye","tag-suriyeliler","tag-vali-ala-ibrahim"],"_links":{"self":[{"href":"https:\/\/archive.sana.sy\/tr\/index.php?rest_route=\/wp\/v2\/posts\/135306","targetHints":{"allow":["GET"]}}],"collection":[{"href":"https:\/\/archive.sana.sy\/tr\/index.php?rest_route=\/wp\/v2\/posts"}],"about":[{"href":"https:\/\/archive.sana.sy\/tr\/index.php?rest_route=\/wp\/v2\/types\/post"}],"author":[{"embeddable":true,"href":"https:\/\/archive.sana.sy\/tr\/index.php?rest_route=\/wp\/v2\/users\/1"}],"replies":[{"embeddable":true,"href":"https:\/\/archive.sana.sy\/tr\/index.php?rest_route=%2Fwp%2Fv2%2Fcomments&post=135306"}],"version-history":[{"count":0,"href":"https:\/\/archive.sana.sy\/tr\/index.php?rest_route=\/wp\/v2\/posts\/135306\/revisions"}],"wp:featuredmedia":[{"embeddable":true,"href":"https:\/\/archive.sana.sy\/tr\/index.php?rest_route=\/wp\/v2\/media\/135375"}],"wp:attachment":[{"href":"https:\/\/archive.sana.sy\/tr\/index.php?rest_route=%2Fwp%2Fv2%2Fmedia&parent=135306"}],"wp:term":[{"taxonomy":"category","embeddable":true,"href":"https:\/\/archive.sana.sy\/tr\/index.php?rest_route=%2Fwp%2Fv2%2Fcategories&post=135306"},{"taxonomy":"post_tag","embeddable":true,"href":"https:\/\/archive.sana.sy\/tr\/index.php?rest_route=%2Fwp%2Fv2%2Ftags&post=135306"}],"curies":[{"name":"wp","href":"https:\/\/api.w.org\/{rel}","templated":true}]}}