{"id":135363,"date":"2018-01-14T16:32:00","date_gmt":"2018-01-14T14:32:00","guid":{"rendered":"https:\/\/www.sana.sy\/tr\/?p=135363"},"modified":"2018-01-15T11:00:47","modified_gmt":"2018-01-15T09:00:47","slug":"iki-takim-da-gol-firsatlarini-degerlendiremedi","status":"publish","type":"post","link":"https:\/\/archive.sana.sy\/tr\/?p=135363","title":{"rendered":"\u0130ki Tak\u0131m da Gol F\u0131rsatlar\u0131n\u0131 De\u011ferlendiremedi"},"content":{"rendered":"<p>PEK\u0130N \u2013 Futbol olimpiyat tak\u0131m\u0131m\u0131z \u00c7in\u2019de d\u00fczenlenmekte olan Asya Kupas\u0131 finallerinin ikinci turunda G\u00fcney Kore tak\u0131m\u0131 ile oynad\u0131\u011f\u0131 ma\u00e7ta 0-0 berabere kald\u0131.<\/p>\n<p>Ma\u00e7\u0131n ilk yar\u0131s\u0131nda e\u015fit bir performans sergilenirken; olimpiyat tak\u0131m\u0131m\u0131z kaybetti\u011fi bir dizi gol f\u0131rsat\u0131yla nispi bir \u00fcst\u00fcnl\u00fck sa\u011flad\u0131. \u0130kinci yar\u0131da iki tak\u0131m da kar\u015f\u0131 ataklar\u0131n\u0131 yo\u011funla\u015ft\u0131r\u0131rken, hi\u00e7 biri gol f\u0131rsatlar\u0131n\u0131 gerekti\u011fi gibi de\u011ferlendiremedi.<\/p>\n","protected":false},"excerpt":{"rendered":"<p>PEK\u0130N \u2013 Futbol olimpiyat tak\u0131m\u0131m\u0131z \u00c7in\u2019de d\u00fczenlenmekte olan Asya Kupas\u0131 finallerinin ikinci turunda G\u00fcney Kore tak\u0131m\u0131 ile oynad\u0131\u011f\u0131 ma\u00e7ta 0-0 berabere kald\u0131. Ma\u00e7\u0131n ilk yar\u0131s\u0131nda e\u015fit bir performans sergilenirken; olimpiyat tak\u0131m\u0131m\u0131z kaybetti\u011fi bir dizi gol f\u0131rsat\u0131yla nispi bir \u00fcst\u00fcnl\u00fck sa\u011flad\u0131. \u0130kinci yar\u0131da iki tak\u0131m da kar\u015f\u0131 ataklar\u0131n\u0131 yo\u011funla\u015ft\u0131r\u0131rken, hi\u00e7 biri gol f\u0131rsatlar\u0131n\u0131 gerekti\u011fi gibi de\u011ferlendiremedi.<\/p>\n","protected":false},"author":1,"featured_media":135366,"comment_status":"closed","ping_status":"closed","sticky":false,"template":"","format":"standard","meta":{"footnotes":""},"categories":[498,17988,496],"tags":[20552,4349,34425,29409,16591,22181],"class_list":["post-135363","post","type-post","status-publish","format-standard","has-post-thumbnail","","category-dunya-turnuvalari","category-son-haberler","category-spor","tag-asya-kupasi","tag-cin","tag-olimpiyat-milli-takimi","tag-pekin","tag-suriye","tag-suriyeliler"],"_links":{"self":[{"href":"https:\/\/archive.sana.sy\/tr\/index.php?rest_route=\/wp\/v2\/posts\/135363","targetHints":{"allow":["GET"]}}],"collection":[{"href":"https:\/\/archive.sana.sy\/tr\/index.php?rest_route=\/wp\/v2\/posts"}],"about":[{"href":"https:\/\/archive.sana.sy\/tr\/index.php?rest_route=\/wp\/v2\/types\/post"}],"author":[{"embeddable":true,"href":"https:\/\/archive.sana.sy\/tr\/index.php?rest_route=\/wp\/v2\/users\/1"}],"replies":[{"embeddable":true,"href":"https:\/\/archive.sana.sy\/tr\/index.php?rest_route=%2Fwp%2Fv2%2Fcomments&post=135363"}],"version-history":[{"count":0,"href":"https:\/\/archive.sana.sy\/tr\/index.php?rest_route=\/wp\/v2\/posts\/135363\/revisions"}],"wp:featuredmedia":[{"embeddable":true,"href":"https:\/\/archive.sana.sy\/tr\/index.php?rest_route=\/wp\/v2\/media\/135366"}],"wp:attachment":[{"href":"https:\/\/archive.sana.sy\/tr\/index.php?rest_route=%2Fwp%2Fv2%2Fmedia&parent=135363"}],"wp:term":[{"taxonomy":"category","embeddable":true,"href":"https:\/\/archive.sana.sy\/tr\/index.php?rest_route=%2Fwp%2Fv2%2Fcategories&post=135363"},{"taxonomy":"post_tag","embeddable":true,"href":"https:\/\/archive.sana.sy\/tr\/index.php?rest_route=%2Fwp%2Fv2%2Ftags&post=135363"}],"curies":[{"name":"wp","href":"https:\/\/api.w.org\/{rel}","templated":true}]}}