{"id":135634,"date":"2018-01-17T14:04:32","date_gmt":"2018-01-17T12:04:32","guid":{"rendered":"https:\/\/www.sana.sy\/tr\/?p=135634"},"modified":"2018-01-18T16:14:39","modified_gmt":"2018-01-18T14:14:39","slug":"amac-sivil-toplum-girisimleriyle-yoksullugu-sinirlandirmaktir","status":"publish","type":"post","link":"https:\/\/archive.sana.sy\/tr\/?p=135634","title":{"rendered":"Ama\u00e7 Sivil Toplum Giri\u015fimleriyle Yoksullu\u011fu S\u0131n\u0131rland\u0131rmakt\u0131r"},"content":{"rendered":"<p>\u015eAM \u2013 \u00c7al\u0131\u015fma ve Sosyal \u0130\u015fler Bakanl\u0131\u011f\u0131 bug\u00fcn, gelir kayna\u011f\u0131 temin edecek kalk\u0131nsal k\u00fc\u00e7\u00fck projeler arac\u0131l\u0131\u011f\u0131 ile ailelere sosyal destek sa\u011flanmas\u0131 ama\u00e7l\u0131 bir \u00e7al\u0131\u015ftay d\u00fczenledi.<\/p>\n<p>\u00c7al\u0131\u015ftay kat\u0131l\u0131mc\u0131lar\u0131 \u00f6zellikle k\u0131rsal alanlarda k\u00fc\u00e7\u00fck \u00f6l\u00e7ekli ve mikro projelerin \u00f6nemine dikkat \u00e7ekerken, bu gibi proje sahiplerine gereken destek ve te\u015fvikin yap\u0131lmas\u0131 gere\u011fini ifade ettiler.<\/p>\n<p>Kat\u0131l\u0131mc\u0131lar ayn\u0131 zamanda sivil toplum kurum ve \u00f6rg\u00fctlerin \u00e7al\u0131\u015fmalar\u0131n\u0131 geli\u015ftirme ve sosyal kalk\u0131nmada ortakl\u0131k rol\u00fcn\u00fc peki\u015ftirme ama\u00e7l\u0131 icraatlar\u0131n yo\u011funla\u015ft\u0131r\u0131lmas\u0131 \u00f6nerisinde bulundular.<\/p>\n<p>\u00c7al\u0131\u015fma ve Sosyal \u0130\u015fler Bakan Yard\u0131mc\u0131s\u0131 Yaser el Ahmed sivil toplum faaliyetleri ile kamu kurulu\u015flar\u0131 aras\u0131nda entegrasyonun sa\u011flanmas\u0131n\u0131n yan\u0131 s\u0131ra yerel sosyal kalk\u0131nman\u0131n geli\u015ftirilmesinde bu gibi \u00e7al\u0131\u015ftaylar\u0131n g\u00f6r\u00fc\u015f al\u0131\u015fveri\u015finde ta\u015f\u0131d\u0131\u011f\u0131 \u00f6neme dikkat \u00e7ekti.<\/p>\n<p>Bakanl\u0131kta hizmet departman\u0131 m\u00fcd\u00fcr\u00fc Meysa Midani ise k\u00fc\u00e7\u00fck ve mikro \u00f6l\u00e7ekli projeleri destekleme ve finanse etmeden amac\u0131n yoksullu\u011fu sivil toplum giri\u015fimleri ile s\u0131n\u0131rland\u0131rma ve \u00f6zellikle dar gelirli ailelere daimi gelir kayna\u011f\u0131 temin etmede yard\u0131m etme amac\u0131 ta\u015f\u0131d\u0131\u011f\u0131n\u0131 belirtti.<\/p>\n","protected":false},"excerpt":{"rendered":"<p>\u015eAM \u2013 \u00c7al\u0131\u015fma ve Sosyal \u0130\u015fler Bakanl\u0131\u011f\u0131 bug\u00fcn, gelir kayna\u011f\u0131 temin edecek kalk\u0131nsal k\u00fc\u00e7\u00fck projeler arac\u0131l\u0131\u011f\u0131 ile ailelere sosyal destek sa\u011flanmas\u0131 ama\u00e7l\u0131 bir \u00e7al\u0131\u015ftay d\u00fczenledi. \u00c7al\u0131\u015ftay kat\u0131l\u0131mc\u0131lar\u0131 \u00f6zellikle k\u0131rsal alanlarda k\u00fc\u00e7\u00fck \u00f6l\u00e7ekli ve mikro projelerin \u00f6nemine dikkat \u00e7ekerken, bu gibi proje sahiplerine gereken destek ve te\u015fvikin yap\u0131lmas\u0131 gere\u011fini ifade ettiler. Kat\u0131l\u0131mc\u0131lar ayn\u0131 zamanda sivil toplum &hellip;<\/p>\n","protected":false},"author":1,"featured_media":135635,"comment_status":"closed","ping_status":"closed","sticky":false,"template":"","format":"standard","meta":{"footnotes":""},"categories":[485,526,541,486,17988,525,538],"tags":[],"class_list":["post-135634","post","type-post","status-publish","format-standard","has-post-thumbnail","","category-is-ve-sermaye","category-haber-ve-raporlar","category-haberler","category-haberler-is-ve-sermaye","category-son-haberler","category-toplum","category-yasam"],"_links":{"self":[{"href":"https:\/\/archive.sana.sy\/tr\/index.php?rest_route=\/wp\/v2\/posts\/135634","targetHints":{"allow":["GET"]}}],"collection":[{"href":"https:\/\/archive.sana.sy\/tr\/index.php?rest_route=\/wp\/v2\/posts"}],"about":[{"href":"https:\/\/archive.sana.sy\/tr\/index.php?rest_route=\/wp\/v2\/types\/post"}],"author":[{"embeddable":true,"href":"https:\/\/archive.sana.sy\/tr\/index.php?rest_route=\/wp\/v2\/users\/1"}],"replies":[{"embeddable":true,"href":"https:\/\/archive.sana.sy\/tr\/index.php?rest_route=%2Fwp%2Fv2%2Fcomments&post=135634"}],"version-history":[{"count":0,"href":"https:\/\/archive.sana.sy\/tr\/index.php?rest_route=\/wp\/v2\/posts\/135634\/revisions"}],"wp:featuredmedia":[{"embeddable":true,"href":"https:\/\/archive.sana.sy\/tr\/index.php?rest_route=\/wp\/v2\/media\/135635"}],"wp:attachment":[{"href":"https:\/\/archive.sana.sy\/tr\/index.php?rest_route=%2Fwp%2Fv2%2Fmedia&parent=135634"}],"wp:term":[{"taxonomy":"category","embeddable":true,"href":"https:\/\/archive.sana.sy\/tr\/index.php?rest_route=%2Fwp%2Fv2%2Fcategories&post=135634"},{"taxonomy":"post_tag","embeddable":true,"href":"https:\/\/archive.sana.sy\/tr\/index.php?rest_route=%2Fwp%2Fv2%2Ftags&post=135634"}],"curies":[{"name":"wp","href":"https:\/\/api.w.org\/{rel}","templated":true}]}}