{"id":135638,"date":"2018-01-17T14:50:28","date_gmt":"2018-01-17T12:50:28","guid":{"rendered":"https:\/\/www.sana.sy\/tr\/?p=135638"},"modified":"2018-01-18T16:12:53","modified_gmt":"2018-01-18T14:12:53","slug":"bmyi-abd-arbedesine-son-vermek-icin-goreve-cagirdi","status":"publish","type":"post","link":"https:\/\/archive.sana.sy\/tr\/?p=135638","title":{"rendered":"BM\u2019yi ABD Arbedesine Son Vermek \u0130\u00e7in G\u00f6reve \u00c7a\u011f\u0131rd\u0131"},"content":{"rendered":"<p>\u015eAM \u2013 Uluslararas\u0131 Arap \u0130\u015f\u00e7i Sendikalar\u0131 Federasyonu ABD\u2019nin, Suriye&#8217;nin kuzeydo\u011fusunda \u2018silahl\u0131 milis g\u00fcc\u00fc\u2019 kurma karar\u0131n\u0131 \u015fiddetle k\u0131narken, Birle\u015fmi\u015f Milletleri ABD\u2019nin halklar\u0131n \u00f6zg\u00fcrl\u00fck ve egemenli\u011fini hi\u00e7e sayan Amerikan arbedesine son vermek i\u00e7in g\u00f6reve \u00e7a\u011f\u0131rd\u0131.<\/p>\n<p>Federasyon bug\u00fcn yay\u0131nlad\u0131\u011f\u0131 ve bir n\u00fcshas\u0131n\u0131 SANA\u2019ya ula\u015ft\u0131rd\u0131\u011f\u0131 b\u00fclteninde; d\u00fcnyan\u0131n bar\u0131\u015ftan yana t\u00fcm h\u00fcr ve egemen g\u00fc\u00e7lerini ABD\u2019nin bu a\u00e7\u0131k ihlal ve sald\u0131r\u0131s\u0131n\u0131 k\u0131namaya davet etti.<\/p>\n<p>Federasyon ABD\u2019nin I\u015e\u0130D\u2019ten kalma az\u0131l\u0131 ter\u00f6ristlerin yan\u0131 s\u0131ra daha ba\u015fka kiral\u0131k ter\u00f6r \u00e7etelerinden bu \u2018milisleri\u2019 te\u015fkil etmesinin Siyo-Amerikan planlar\u0131n\u0131 hayata ge\u00e7irmede hegemonyac\u0131 ve despot tutum ve mant\u0131\u011f\u0131n\u0131 yans\u0131tt\u0131\u011f\u0131n\u0131n alt\u0131n\u0131 \u00e7izdi.<\/p>\n<p>ABD\u2019nin egemen devletlere ve halklar\u0131n i\u00e7i\u015flerine bu gibi m\u00fcdahalesinin yeni olmad\u0131\u011f\u0131na dikkat \u00e7eken federasyon; ABD idaresinin tarih boyunca uluslar aras\u0131 kanun ve kararlar\u0131n yan\u0131 s\u0131ra BM misak\u0131n\u0131 ihlal edip d\u00fcnyan\u0131n bar\u0131\u015f ve g\u00fcvenli\u011fini tehdit etti\u011fini kaydetti.<\/p>\n<p>Federasyon Suriye&#8217;nin halk ve ordu olarak ABD\u2019nin bu yeni d\u00fc\u015fmanl\u0131\u011f\u0131n\u0131 p\u00fcsk\u00fcrtmekle birlikte ABD g\u00fc\u00e7lerini Suriye&#8217;nin kuzeydo\u011fusundan defetme g\u00fcc\u00fcne inand\u0131\u011f\u0131n\u0131 ifade etti.<\/p>\n","protected":false},"excerpt":{"rendered":"<p>\u015eAM \u2013 Uluslararas\u0131 Arap \u0130\u015f\u00e7i Sendikalar\u0131 Federasyonu ABD\u2019nin, Suriye&#8217;nin kuzeydo\u011fusunda \u2018silahl\u0131 milis g\u00fcc\u00fc\u2019 kurma karar\u0131n\u0131 \u015fiddetle k\u0131narken, Birle\u015fmi\u015f Milletleri ABD\u2019nin halklar\u0131n \u00f6zg\u00fcrl\u00fck ve egemenli\u011fini hi\u00e7e sayan Amerikan arbedesine son vermek i\u00e7in g\u00f6reve \u00e7a\u011f\u0131rd\u0131. Federasyon bug\u00fcn yay\u0131nlad\u0131\u011f\u0131 ve bir n\u00fcshas\u0131n\u0131 SANA\u2019ya ula\u015ft\u0131rd\u0131\u011f\u0131 b\u00fclteninde; d\u00fcnyan\u0131n bar\u0131\u015ftan yana t\u00fcm h\u00fcr ve egemen g\u00fc\u00e7lerini ABD\u2019nin bu a\u00e7\u0131k ihlal ve &hellip;<\/p>\n","protected":false},"author":1,"featured_media":135639,"comment_status":"closed","ping_status":"closed","sticky":false,"template":"","format":"standard","meta":{"footnotes":""},"categories":[479,17988,478],"tags":[],"class_list":["post-135638","post","type-post","status-publish","format-standard","has-post-thumbnail","","category-haberler-yerel","category-son-haberler","category-yerel"],"_links":{"self":[{"href":"https:\/\/archive.sana.sy\/tr\/index.php?rest_route=\/wp\/v2\/posts\/135638","targetHints":{"allow":["GET"]}}],"collection":[{"href":"https:\/\/archive.sana.sy\/tr\/index.php?rest_route=\/wp\/v2\/posts"}],"about":[{"href":"https:\/\/archive.sana.sy\/tr\/index.php?rest_route=\/wp\/v2\/types\/post"}],"author":[{"embeddable":true,"href":"https:\/\/archive.sana.sy\/tr\/index.php?rest_route=\/wp\/v2\/users\/1"}],"replies":[{"embeddable":true,"href":"https:\/\/archive.sana.sy\/tr\/index.php?rest_route=%2Fwp%2Fv2%2Fcomments&post=135638"}],"version-history":[{"count":0,"href":"https:\/\/archive.sana.sy\/tr\/index.php?rest_route=\/wp\/v2\/posts\/135638\/revisions"}],"wp:featuredmedia":[{"embeddable":true,"href":"https:\/\/archive.sana.sy\/tr\/index.php?rest_route=\/wp\/v2\/media\/135639"}],"wp:attachment":[{"href":"https:\/\/archive.sana.sy\/tr\/index.php?rest_route=%2Fwp%2Fv2%2Fmedia&parent=135638"}],"wp:term":[{"taxonomy":"category","embeddable":true,"href":"https:\/\/archive.sana.sy\/tr\/index.php?rest_route=%2Fwp%2Fv2%2Fcategories&post=135638"},{"taxonomy":"post_tag","embeddable":true,"href":"https:\/\/archive.sana.sy\/tr\/index.php?rest_route=%2Fwp%2Fv2%2Ftags&post=135638"}],"curies":[{"name":"wp","href":"https:\/\/api.w.org\/{rel}","templated":true}]}}