{"id":135647,"date":"2018-01-17T17:45:18","date_gmt":"2018-01-17T15:45:18","guid":{"rendered":"https:\/\/www.sana.sy\/tr\/?p=135647"},"modified":"2018-01-20T11:06:07","modified_gmt":"2018-01-20T09:06:07","slug":"askeri-muhabir-sehit-dustu","status":"publish","type":"post","link":"https:\/\/archive.sana.sy\/tr\/?p=135647","title":{"rendered":"Askeri Muhabir \u015eehit D\u00fc\u015ft\u00fc (video)"},"content":{"rendered":"<p>\u015eAM \u2013 Siyasi \u0130darenin askeri muhabiri onur r\u00fctbesinde Yarbay Velid Halil bug\u00fcn \u015eam k\u0131rsal\u0131 Haresta B\u00f6lgesinde ordu birliklerimizin ter\u00f6r \u00f6rg\u00fctlere kar\u015f\u0131 operasyonlar\u0131n\u0131 takip ederken \u015fehit d\u00fc\u015ft\u00fc.<\/p>\n<p><a href=\"https:\/\/www.sana.sy\/tr\/wp-content\/uploads\/2018\/01\/a1-2.jpg\"><img loading=\"lazy\" decoding=\"async\" class=\"alignright wp-image-135652 size-medium\" src=\"https:\/\/www.sana.sy\/tr\/wp-content\/uploads\/2018\/01\/a1-2-300x199.jpg\" alt=\"\" width=\"300\" height=\"199\" srcset=\"https:\/\/archive.sana.sy\/tr\/wp-content\/uploads\/2018\/01\/a1-2-300x199.jpg 300w, https:\/\/archive.sana.sy\/tr\/wp-content\/uploads\/2018\/01\/a1-2-150x99.jpg 150w, https:\/\/archive.sana.sy\/tr\/wp-content\/uploads\/2018\/01\/a1-2-768x509.jpg 768w, https:\/\/archive.sana.sy\/tr\/wp-content\/uploads\/2018\/01\/a1-2-1024x679.jpg 1024w, https:\/\/archive.sana.sy\/tr\/wp-content\/uploads\/2018\/01\/a1-2-310x205.jpg 310w, https:\/\/archive.sana.sy\/tr\/wp-content\/uploads\/2018\/01\/a1-2.jpg 1280w\" sizes=\"auto, (max-width: 300px) 100vw, 300px\" \/><\/a>Siyasi \u0130dare bug\u00fcn yay\u0131nlad\u0131\u011f\u0131 ve bir n\u00fcshas\u0131n\u0131 SANA\u2019ya ula\u015ft\u0131rd\u0131\u011f\u0131 b\u00fclteninde onur r\u00fctbesinde Yarbay Halil\u2019in Haresta b\u00f6lgesinde sava\u015f muhabiri olarak vatani g\u00f6revini yerine getirdi\u011fi s\u0131rada \u015fehit d\u00fc\u015ft\u00fc\u011f\u00fcn\u00fc belirtti.<\/p>\n<p>1978 Homs k\u0131rsal\u0131 do\u011fumlu \u015eehit Halil, 1997 y\u0131l\u0131nda \u015eam \u00dcniversitesi Gazetecilik Fak\u00fcltesinden mezun oldu. 2006 y\u0131l\u0131nda kadrolu askerlik hizmetine ba\u015flamas\u0131 ard\u0131ndan askeri ve gazetecilik mesle\u011finde bir dizi ba\u015far\u0131ya imza att\u0131. \u015eehit Halil bir g\u00f6revi s\u0131ras\u0131nda \u00fcst\u00fcn ba\u015far\u0131lar\u0131ndan dolay\u0131 bir dizi madalya kazand\u0131.<\/p>\n<p>https:\/\/www.youtube.com\/watch?time_continue=37&#038;v=3M9PoqGz97o<\/p>\n<p>K.\u00d6.<\/p>\n","protected":false},"excerpt":{"rendered":"<p>\u015eAM \u2013 Siyasi \u0130darenin askeri muhabiri onur r\u00fctbesinde Yarbay Velid Halil bug\u00fcn \u015eam k\u0131rsal\u0131 Haresta B\u00f6lgesinde ordu birliklerimizin ter\u00f6r \u00f6rg\u00fctlere kar\u015f\u0131 operasyonlar\u0131n\u0131 takip ederken \u015fehit d\u00fc\u015ft\u00fc. Siyasi \u0130dare bug\u00fcn yay\u0131nlad\u0131\u011f\u0131 ve bir n\u00fcshas\u0131n\u0131 SANA\u2019ya ula\u015ft\u0131rd\u0131\u011f\u0131 b\u00fclteninde onur r\u00fctbesinde Yarbay Halil\u2019in Haresta b\u00f6lgesinde sava\u015f muhabiri olarak vatani g\u00f6revini yerine getirdi\u011fi s\u0131rada \u015fehit d\u00fc\u015ft\u00fc\u011f\u00fcn\u00fc belirtti. 1978 Homs &hellip;<\/p>\n","protected":false},"author":1,"featured_media":135650,"comment_status":"closed","ping_status":"closed","sticky":false,"template":"","format":"standard","meta":{"footnotes":""},"categories":[479,575,17988,478],"tags":[34478,2297,16591,22181,34477],"class_list":["post-135647","post","type-post","status-publish","format-standard","has-post-thumbnail","","category-haberler-yerel","category-olaylar-ve-gercekler","category-son-haberler","category-yerel","tag-haresta-bolgesi","tag-sam-kirsali","tag-suriye","tag-suriyeliler","tag-yarbay-velid-halil-sehit-dustu"],"_links":{"self":[{"href":"https:\/\/archive.sana.sy\/tr\/index.php?rest_route=\/wp\/v2\/posts\/135647","targetHints":{"allow":["GET"]}}],"collection":[{"href":"https:\/\/archive.sana.sy\/tr\/index.php?rest_route=\/wp\/v2\/posts"}],"about":[{"href":"https:\/\/archive.sana.sy\/tr\/index.php?rest_route=\/wp\/v2\/types\/post"}],"author":[{"embeddable":true,"href":"https:\/\/archive.sana.sy\/tr\/index.php?rest_route=\/wp\/v2\/users\/1"}],"replies":[{"embeddable":true,"href":"https:\/\/archive.sana.sy\/tr\/index.php?rest_route=%2Fwp%2Fv2%2Fcomments&post=135647"}],"version-history":[{"count":0,"href":"https:\/\/archive.sana.sy\/tr\/index.php?rest_route=\/wp\/v2\/posts\/135647\/revisions"}],"wp:featuredmedia":[{"embeddable":true,"href":"https:\/\/archive.sana.sy\/tr\/index.php?rest_route=\/wp\/v2\/media\/135650"}],"wp:attachment":[{"href":"https:\/\/archive.sana.sy\/tr\/index.php?rest_route=%2Fwp%2Fv2%2Fmedia&parent=135647"}],"wp:term":[{"taxonomy":"category","embeddable":true,"href":"https:\/\/archive.sana.sy\/tr\/index.php?rest_route=%2Fwp%2Fv2%2Fcategories&post=135647"},{"taxonomy":"post_tag","embeddable":true,"href":"https:\/\/archive.sana.sy\/tr\/index.php?rest_route=%2Fwp%2Fv2%2Ftags&post=135647"}],"curies":[{"name":"wp","href":"https:\/\/api.w.org\/{rel}","templated":true}]}}