{"id":135649,"date":"2018-01-17T17:44:24","date_gmt":"2018-01-17T15:44:24","guid":{"rendered":"https:\/\/www.sana.sy\/tr\/?p=135649"},"modified":"2018-01-18T16:12:49","modified_gmt":"2018-01-18T14:12:49","slug":"imar-ve-yeniden-yapilanma-alaninda-deneyimlerini-paylasacak","status":"publish","type":"post","link":"https:\/\/archive.sana.sy\/tr\/?p=135649","title":{"rendered":"\u0130mar ve Yeniden Yap\u0131lanma Alan\u0131nda Deneyimlerini Payla\u015facak"},"content":{"rendered":"<p>\u015eAM \u2013 Bay\u0131nd\u0131rl\u0131k ve \u0130sk\u00e2n Bakan\u0131 H\u00fcseyin Arnus L\u00fcbnan GTI \u015firketinden bir heyeti kabul edip, bakanl\u0131k ve ona ba\u011fl\u0131 kurulu\u015flar\u0131n \u00e7al\u0131\u015fma alanlar\u0131ndaki teknik dan\u0131\u015fmanl\u0131k ve deneyimleri payla\u015fmak ve yeniden yap\u0131land\u0131rma a\u015famas\u0131nda iki taraf aras\u0131ndaki koordinasyonu artt\u0131rma konular\u0131n\u0131 g\u00f6r\u00fc\u015ft\u00fc.<\/p>\n<p>Arnus, Suriye\u2019de Genel Ara\u015ft\u0131rmalar ve Teknik Dan\u0131\u015fmanl\u0131k \u015eirketi ile L\u00fcbnan\u2019daki \u015firket aras\u0131nda bir koordinasyonun \u00f6neminden bahsedip, Suriye\u2019deki M\u00fchendisler Sendikas\u0131 ile deneyimleri payla\u015fmak amac\u0131yla bir a\u011f olu\u015fturulmas\u0131 gerekti\u011fini dile getirdi.<\/p>\n<p>\u015eirketin genel m\u00fcd\u00fcr\u00fc L\u00fctfullah Fuat el Hac, Suriye\u2019ye teknik ve deneyimleri ta\u015f\u0131mak i\u00e7in \u015firketin y\u00f6netim kuruluna bu konuyu ta\u015f\u0131yaca\u011f\u0131n\u0131 belirtti. Hac \u015firketlerinin \u00f6zellikle stratejik projelerde uzmanl\u0131k ve teknik inceleme alan\u0131nda g\u00fcvenilir m\u00fchendislik bilgileri sa\u011flad\u0131\u011f\u0131n\u0131 s\u00f6yledi.<\/p>\n<p>K.\u00d6.<\/p>\n","protected":false},"excerpt":{"rendered":"<p>\u015eAM \u2013 Bay\u0131nd\u0131rl\u0131k ve \u0130sk\u00e2n Bakan\u0131 H\u00fcseyin Arnus L\u00fcbnan GTI \u015firketinden bir heyeti kabul edip, bakanl\u0131k ve ona ba\u011fl\u0131 kurulu\u015flar\u0131n \u00e7al\u0131\u015fma alanlar\u0131ndaki teknik dan\u0131\u015fmanl\u0131k ve deneyimleri payla\u015fmak ve yeniden yap\u0131land\u0131rma a\u015famas\u0131nda iki taraf aras\u0131ndaki koordinasyonu artt\u0131rma konular\u0131n\u0131 g\u00f6r\u00fc\u015ft\u00fc. Arnus, Suriye\u2019de Genel Ara\u015ft\u0131rmalar ve Teknik Dan\u0131\u015fmanl\u0131k \u015eirketi ile L\u00fcbnan\u2019daki \u015firket aras\u0131nda bir koordinasyonun \u00f6neminden bahsedip, Suriye\u2019deki &hellip;<\/p>\n","protected":false},"author":1,"featured_media":135651,"comment_status":"closed","ping_status":"closed","sticky":false,"template":"","format":"standard","meta":{"footnotes":""},"categories":[479,17988,478],"tags":[24213,34476,23797,7321,34475,2755,16591,22181],"class_list":["post-135649","post","type-post","status-publish","format-standard","has-post-thumbnail","","category-haberler-yerel","category-son-haberler","category-yerel","tag-bayindirlik-ve-iskan-bakani","tag-gti","tag-huseyin-arnus","tag-lubnan","tag-lutfullah-fuat-el-hac","tag-sam","tag-suriye","tag-suriyeliler"],"_links":{"self":[{"href":"https:\/\/archive.sana.sy\/tr\/index.php?rest_route=\/wp\/v2\/posts\/135649","targetHints":{"allow":["GET"]}}],"collection":[{"href":"https:\/\/archive.sana.sy\/tr\/index.php?rest_route=\/wp\/v2\/posts"}],"about":[{"href":"https:\/\/archive.sana.sy\/tr\/index.php?rest_route=\/wp\/v2\/types\/post"}],"author":[{"embeddable":true,"href":"https:\/\/archive.sana.sy\/tr\/index.php?rest_route=\/wp\/v2\/users\/1"}],"replies":[{"embeddable":true,"href":"https:\/\/archive.sana.sy\/tr\/index.php?rest_route=%2Fwp%2Fv2%2Fcomments&post=135649"}],"version-history":[{"count":0,"href":"https:\/\/archive.sana.sy\/tr\/index.php?rest_route=\/wp\/v2\/posts\/135649\/revisions"}],"wp:featuredmedia":[{"embeddable":true,"href":"https:\/\/archive.sana.sy\/tr\/index.php?rest_route=\/wp\/v2\/media\/135651"}],"wp:attachment":[{"href":"https:\/\/archive.sana.sy\/tr\/index.php?rest_route=%2Fwp%2Fv2%2Fmedia&parent=135649"}],"wp:term":[{"taxonomy":"category","embeddable":true,"href":"https:\/\/archive.sana.sy\/tr\/index.php?rest_route=%2Fwp%2Fv2%2Fcategories&post=135649"},{"taxonomy":"post_tag","embeddable":true,"href":"https:\/\/archive.sana.sy\/tr\/index.php?rest_route=%2Fwp%2Fv2%2Ftags&post=135649"}],"curies":[{"name":"wp","href":"https:\/\/api.w.org\/{rel}","templated":true}]}}