{"id":135660,"date":"2018-01-17T14:00:02","date_gmt":"2018-01-17T12:00:02","guid":{"rendered":"https:\/\/www.sana.sy\/tr\/?p=135660"},"modified":"2018-01-18T16:14:43","modified_gmt":"2018-01-18T14:14:43","slug":"abd-sadece-kendi-cikarlarini-dusunuyor","status":"publish","type":"post","link":"https:\/\/archive.sana.sy\/tr\/?p=135660","title":{"rendered":"ABD Sadece Kendi \u00c7\u0131karlar\u0131n\u0131 D\u00fc\u015f\u00fcn\u00fcyor"},"content":{"rendered":"<p>PRAG \u2013 Slovakya Parlamentosu Avrupa Komisyonu Ba\u015fkan\u0131 Lubusz Blaha ABD\u2019nin \u00f6zellikle Suriye ve Irak\u2019ta olmak \u00fczere Ortado\u011fu\u2019da a\u00e7t\u0131\u011f\u0131 sava\u015flar ve bulundu\u011fu m\u00fcdahalelerin Amerikan politikas\u0131n\u0131n emperyalist e\u011filimini ortaya koydu\u011funu belirtti.<\/p>\n<p>Slovakia&#8217;n\u0131n Na Blatniya haber ajans\u0131yla yapt\u0131\u011f\u0131 r\u00f6portajda Blaha, ABD\u2019nin t\u00fcm ad\u0131m ve tutumlar\u0131nda sadece kendi \u00e7\u0131karlar\u0131n\u0131 d\u00fc\u015f\u00fcnd\u00fc\u011f\u00fcne dikkat \u00e7ekti. Blaha Avrupa Birli\u011finin kendi g\u00fcvenli\u011fini sa\u011flamak i\u00e7in ABD\u2019nin askeri g\u00fcc\u00fcne dayanmas\u0131ndan vazge\u00e7mesi gerekti\u011fini s\u00f6yledi.<\/p>\n<p>Blaha daha \u00f6nce SANA\u2019n\u0131n Prag muhabirine yapt\u0131\u011f\u0131 a\u00e7\u0131klamada, Bat\u0131l\u0131 \u00fclkelerin Suriye\u2019de \u00f6zellikle I\u015e\u0130D olmak \u00fczere ter\u00f6rist \u00f6rg\u00fctlere muhtelif t\u00fcr destek temin ettiklerini belirtmi\u015fti.<\/p>\n<p>K.\u00d6.<\/p>\n","protected":false},"excerpt":{"rendered":"<p>PRAG \u2013 Slovakya Parlamentosu Avrupa Komisyonu Ba\u015fkan\u0131 Lubusz Blaha ABD\u2019nin \u00f6zellikle Suriye ve Irak\u2019ta olmak \u00fczere Ortado\u011fu\u2019da a\u00e7t\u0131\u011f\u0131 sava\u015flar ve bulundu\u011fu m\u00fcdahalelerin Amerikan politikas\u0131n\u0131n emperyalist e\u011filimini ortaya koydu\u011funu belirtti. Slovakia&#8217;n\u0131n Na Blatniya haber ajans\u0131yla yapt\u0131\u011f\u0131 r\u00f6portajda Blaha, ABD\u2019nin t\u00fcm ad\u0131m ve tutumlar\u0131nda sadece kendi \u00e7\u0131karlar\u0131n\u0131 d\u00fc\u015f\u00fcnd\u00fc\u011f\u00fcne dikkat \u00e7ekti. Blaha Avrupa Birli\u011finin kendi g\u00fcvenli\u011fini sa\u011flamak i\u00e7in &hellip;<\/p>\n","protected":false},"author":1,"featured_media":135661,"comment_status":"closed","ping_status":"closed","sticky":false,"template":"","format":"standard","meta":{"footnotes":""},"categories":[458,459,17988],"tags":[2318,34480,25445,34479,16591,22181],"class_list":["post-135660","post","type-post","status-publish","format-standard","has-post-thumbnail","","category-dunya1","category-haberler-arap-uluslararasi-politika","category-son-haberler","tag-isid","tag-na-blatniya","tag-prag","tag-slovekya-parlamentosu","tag-suriye","tag-suriyeliler"],"_links":{"self":[{"href":"https:\/\/archive.sana.sy\/tr\/index.php?rest_route=\/wp\/v2\/posts\/135660","targetHints":{"allow":["GET"]}}],"collection":[{"href":"https:\/\/archive.sana.sy\/tr\/index.php?rest_route=\/wp\/v2\/posts"}],"about":[{"href":"https:\/\/archive.sana.sy\/tr\/index.php?rest_route=\/wp\/v2\/types\/post"}],"author":[{"embeddable":true,"href":"https:\/\/archive.sana.sy\/tr\/index.php?rest_route=\/wp\/v2\/users\/1"}],"replies":[{"embeddable":true,"href":"https:\/\/archive.sana.sy\/tr\/index.php?rest_route=%2Fwp%2Fv2%2Fcomments&post=135660"}],"version-history":[{"count":0,"href":"https:\/\/archive.sana.sy\/tr\/index.php?rest_route=\/wp\/v2\/posts\/135660\/revisions"}],"wp:featuredmedia":[{"embeddable":true,"href":"https:\/\/archive.sana.sy\/tr\/index.php?rest_route=\/wp\/v2\/media\/135661"}],"wp:attachment":[{"href":"https:\/\/archive.sana.sy\/tr\/index.php?rest_route=%2Fwp%2Fv2%2Fmedia&parent=135660"}],"wp:term":[{"taxonomy":"category","embeddable":true,"href":"https:\/\/archive.sana.sy\/tr\/index.php?rest_route=%2Fwp%2Fv2%2Fcategories&post=135660"},{"taxonomy":"post_tag","embeddable":true,"href":"https:\/\/archive.sana.sy\/tr\/index.php?rest_route=%2Fwp%2Fv2%2Ftags&post=135660"}],"curies":[{"name":"wp","href":"https:\/\/api.w.org\/{rel}","templated":true}]}}