{"id":135810,"date":"2018-01-19T13:16:10","date_gmt":"2018-01-19T11:16:10","guid":{"rendered":"https:\/\/www.sana.sy\/tr\/?p=135810"},"modified":"2018-01-20T09:54:59","modified_gmt":"2018-01-20T07:54:59","slug":"siyasi-cozumden-baska-alternatif-yok","status":"publish","type":"post","link":"https:\/\/archive.sana.sy\/tr\/?p=135810","title":{"rendered":"Siyasi \u00c7\u00f6z\u00fcmden Ba\u015fka Alternatif Yok"},"content":{"rendered":"<p>NEWYORK \u2013 Rusya D\u0131\u015fi\u015fleri Bakan\u0131 Sergey Lavrov ve BM Genel Sekreteri Antonio Guterres Suriye\u2019deki krizin siyasi yollarla \u00e7\u00f6z\u00fclmesi gere\u011finin bir kez daha alt\u0131n\u0131 \u00e7izdiler.<\/p>\n<p>Rusya D\u0131\u015fi\u015fleri Bakanl\u0131\u011f\u0131n\u0131n yay\u0131nlad\u0131\u011f\u0131 ve Sputnik Ajans\u0131n\u0131n aktard\u0131\u011f\u0131 bildiride, Lavrov ve Guterres d\u00fcn gece Newyork\u2019ta yapt\u0131klar\u0131 toplant\u0131da uluslar aras\u0131 \u00f6nemli meseleleri ele ald\u0131klar\u0131n\u0131 belirtti.<\/p>\n<p>Bakanl\u0131k toplant\u0131da ele al\u0131nan meseleler aras\u0131nda Suriye ve Kore yar\u0131madas\u0131ndaki krizlerin de g\u00f6r\u00fc\u015f\u00fcld\u00fc\u011f\u00fcne dikkat \u00e7ekerken iki taraf\u0131n Suriye&#8217;deki krizin siyasi yollarla \u00e7\u00f6z\u00fclmesinden ba\u015fka hi\u00e7bir alternatif olmad\u0131\u011f\u0131n\u0131 vurgulad\u0131klar\u0131n\u0131 aktard\u0131.<\/p>\n","protected":false},"excerpt":{"rendered":"<p>NEWYORK \u2013 Rusya D\u0131\u015fi\u015fleri Bakan\u0131 Sergey Lavrov ve BM Genel Sekreteri Antonio Guterres Suriye\u2019deki krizin siyasi yollarla \u00e7\u00f6z\u00fclmesi gere\u011finin bir kez daha alt\u0131n\u0131 \u00e7izdiler. Rusya D\u0131\u015fi\u015fleri Bakanl\u0131\u011f\u0131n\u0131n yay\u0131nlad\u0131\u011f\u0131 ve Sputnik Ajans\u0131n\u0131n aktard\u0131\u011f\u0131 bildiride, Lavrov ve Guterres d\u00fcn gece Newyork\u2019ta yapt\u0131klar\u0131 toplant\u0131da uluslar aras\u0131 \u00f6nemli meseleleri ele ald\u0131klar\u0131n\u0131 belirtti. Bakanl\u0131k toplant\u0131da ele al\u0131nan meseleler aras\u0131nda Suriye &hellip;<\/p>\n","protected":false},"author":1,"featured_media":135811,"comment_status":"closed","ping_status":"closed","sticky":false,"template":"","format":"standard","meta":{"footnotes":""},"categories":[458,459,17988],"tags":[28711,33557,10651,16591,22181],"class_list":["post-135810","post","type-post","status-publish","format-standard","has-post-thumbnail","","category-dunya1","category-haberler-arap-uluslararasi-politika","category-son-haberler","tag-bm-genel-sekreteri-antonio-guterres","tag-newyork","tag-rusya-disisleri-bakani-sergey-lavrov","tag-suriye","tag-suriyeliler"],"_links":{"self":[{"href":"https:\/\/archive.sana.sy\/tr\/index.php?rest_route=\/wp\/v2\/posts\/135810","targetHints":{"allow":["GET"]}}],"collection":[{"href":"https:\/\/archive.sana.sy\/tr\/index.php?rest_route=\/wp\/v2\/posts"}],"about":[{"href":"https:\/\/archive.sana.sy\/tr\/index.php?rest_route=\/wp\/v2\/types\/post"}],"author":[{"embeddable":true,"href":"https:\/\/archive.sana.sy\/tr\/index.php?rest_route=\/wp\/v2\/users\/1"}],"replies":[{"embeddable":true,"href":"https:\/\/archive.sana.sy\/tr\/index.php?rest_route=%2Fwp%2Fv2%2Fcomments&post=135810"}],"version-history":[{"count":0,"href":"https:\/\/archive.sana.sy\/tr\/index.php?rest_route=\/wp\/v2\/posts\/135810\/revisions"}],"wp:featuredmedia":[{"embeddable":true,"href":"https:\/\/archive.sana.sy\/tr\/index.php?rest_route=\/wp\/v2\/media\/135811"}],"wp:attachment":[{"href":"https:\/\/archive.sana.sy\/tr\/index.php?rest_route=%2Fwp%2Fv2%2Fmedia&parent=135810"}],"wp:term":[{"taxonomy":"category","embeddable":true,"href":"https:\/\/archive.sana.sy\/tr\/index.php?rest_route=%2Fwp%2Fv2%2Fcategories&post=135810"},{"taxonomy":"post_tag","embeddable":true,"href":"https:\/\/archive.sana.sy\/tr\/index.php?rest_route=%2Fwp%2Fv2%2Ftags&post=135810"}],"curies":[{"name":"wp","href":"https:\/\/api.w.org\/{rel}","templated":true}]}}