{"id":135814,"date":"2018-01-19T15:15:19","date_gmt":"2018-01-19T13:15:19","guid":{"rendered":"https:\/\/www.sana.sy\/tr\/?p=135814"},"modified":"2018-01-20T09:54:46","modified_gmt":"2018-01-20T07:54:46","slug":"amac-sosyal-ve-kisisel-acidan-kadini-guclendirmek","status":"publish","type":"post","link":"https:\/\/archive.sana.sy\/tr\/?p=135814","title":{"rendered":"Ama\u00e7 Sosyal ve Ki\u015fisel A\u00e7\u0131dan Kad\u0131n\u0131 G\u00fc\u00e7lendirmek"},"content":{"rendered":"<p>\u015eAM \u2013 Toplumun \u00e7ekirde\u011fini olu\u015fturan aile h\u00fccresinde temel role sahip kad\u0131n\u0131 g\u00fc\u00e7lendirme ve olanaklar\u0131n\u0131 peki\u015ftirme ama\u00e7l\u0131 olarak ferdi bir \u015fekilde ba\u015flat\u0131lan \u00e7al\u0131\u015fma yeni y\u0131l\u0131n ba\u015flamas\u0131yla toplumsal <a href=\"https:\/\/www.sana.sy\/tr\/wp-content\/uploads\/2018\/01\/a1-3.jpg\"><img loading=\"lazy\" decoding=\"async\" class=\"alignright wp-image-135816 size-medium\" src=\"https:\/\/www.sana.sy\/tr\/wp-content\/uploads\/2018\/01\/a1-3-300x168.jpg\" alt=\"\" width=\"300\" height=\"168\" srcset=\"https:\/\/archive.sana.sy\/tr\/wp-content\/uploads\/2018\/01\/a1-3-300x168.jpg 300w, https:\/\/archive.sana.sy\/tr\/wp-content\/uploads\/2018\/01\/a1-3-150x84.jpg 150w, https:\/\/archive.sana.sy\/tr\/wp-content\/uploads\/2018\/01\/a1-3.jpg 660w\" sizes=\"auto, (max-width: 300px) 100vw, 300px\" \/><\/a>\u00e7al\u0131\u015fmaya d\u00f6n\u00fc\u015ft\u00fc.<\/p>\n<p>\u2018Umut Ol\u2019 slogan\u0131 alt\u0131nda ba\u015flat\u0131lan \u00e7al\u0131\u015fman\u0131n kurucusu Bd\u00fcr Ebure\u015fit, kad\u0131n\u0131n muhtelif alanlarda olanak ve g\u00fcc\u00fcn\u00fc peki\u015ftirme ama\u00e7l\u0131 olarak at\u00f6lyeler ve e\u011fitim kurlar\u0131 d\u00fczenledi\u011fini belirtti.<\/p>\n<p>Ebure\u015fit amac\u0131n s\u00fcrd\u00fcr\u00fclebilir kalk\u0131nmada \u00f6nemli bir role sahip kad\u0131n\u0131\u00a0ki\u015fisel ve sosyal a\u00e7\u0131dan geli\u015ftirmek oldu\u011funu kaydetti.<\/p>\n<p>K.\u00d6.<\/p>\n","protected":false},"excerpt":{"rendered":"<p>\u015eAM \u2013 Toplumun \u00e7ekirde\u011fini olu\u015fturan aile h\u00fccresinde temel role sahip kad\u0131n\u0131 g\u00fc\u00e7lendirme ve olanaklar\u0131n\u0131 peki\u015ftirme ama\u00e7l\u0131 olarak ferdi bir \u015fekilde ba\u015flat\u0131lan \u00e7al\u0131\u015fma yeni y\u0131l\u0131n ba\u015flamas\u0131yla toplumsal \u00e7al\u0131\u015fmaya d\u00f6n\u00fc\u015ft\u00fc. \u2018Umut Ol\u2019 slogan\u0131 alt\u0131nda ba\u015flat\u0131lan \u00e7al\u0131\u015fman\u0131n kurucusu Bd\u00fcr Ebure\u015fit, kad\u0131n\u0131n muhtelif alanlarda olanak ve g\u00fcc\u00fcn\u00fc peki\u015ftirme ama\u00e7l\u0131 olarak at\u00f6lyeler ve e\u011fitim kurlar\u0131 d\u00fczenledi\u011fini belirtti. Ebure\u015fit amac\u0131n s\u00fcrd\u00fcr\u00fclebilir &hellip;<\/p>\n","protected":false},"author":1,"featured_media":135815,"comment_status":"closed","ping_status":"closed","sticky":false,"template":"","format":"standard","meta":{"footnotes":""},"categories":[526,541,479,17988,525,538,478],"tags":[34510,34511,2755,16591,22181,34509],"class_list":["post-135814","post","type-post","status-publish","format-standard","has-post-thumbnail","","category-haber-ve-raporlar","category-haberler","category-haberler-yerel","category-son-haberler","category-toplum","category-yasam","category-yerel","tag-bdur-eburesit","tag-kadinlari-guclendirme","tag-sam","tag-suriye","tag-suriyeliler","tag-umut-ol-projesi"],"_links":{"self":[{"href":"https:\/\/archive.sana.sy\/tr\/index.php?rest_route=\/wp\/v2\/posts\/135814","targetHints":{"allow":["GET"]}}],"collection":[{"href":"https:\/\/archive.sana.sy\/tr\/index.php?rest_route=\/wp\/v2\/posts"}],"about":[{"href":"https:\/\/archive.sana.sy\/tr\/index.php?rest_route=\/wp\/v2\/types\/post"}],"author":[{"embeddable":true,"href":"https:\/\/archive.sana.sy\/tr\/index.php?rest_route=\/wp\/v2\/users\/1"}],"replies":[{"embeddable":true,"href":"https:\/\/archive.sana.sy\/tr\/index.php?rest_route=%2Fwp%2Fv2%2Fcomments&post=135814"}],"version-history":[{"count":0,"href":"https:\/\/archive.sana.sy\/tr\/index.php?rest_route=\/wp\/v2\/posts\/135814\/revisions"}],"wp:featuredmedia":[{"embeddable":true,"href":"https:\/\/archive.sana.sy\/tr\/index.php?rest_route=\/wp\/v2\/media\/135815"}],"wp:attachment":[{"href":"https:\/\/archive.sana.sy\/tr\/index.php?rest_route=%2Fwp%2Fv2%2Fmedia&parent=135814"}],"wp:term":[{"taxonomy":"category","embeddable":true,"href":"https:\/\/archive.sana.sy\/tr\/index.php?rest_route=%2Fwp%2Fv2%2Fcategories&post=135814"},{"taxonomy":"post_tag","embeddable":true,"href":"https:\/\/archive.sana.sy\/tr\/index.php?rest_route=%2Fwp%2Fv2%2Ftags&post=135814"}],"curies":[{"name":"wp","href":"https:\/\/api.w.org\/{rel}","templated":true}]}}