{"id":135819,"date":"2018-01-19T15:45:03","date_gmt":"2018-01-19T13:45:03","guid":{"rendered":"https:\/\/www.sana.sy\/tr\/?p=135819"},"modified":"2018-01-20T11:04:32","modified_gmt":"2018-01-20T09:04:32","slug":"valiler-hamis-baskanliginda-toplandi","status":"publish","type":"post","link":"https:\/\/archive.sana.sy\/tr\/?p=135819","title":{"rendered":"Valiler Hamis Ba\u015fkanl\u0131\u011f\u0131nda Topland\u0131 (video)"},"content":{"rendered":"<p>\u015eAM \u2013 Valilerin Ba\u015fbakan \u0130mad Hamis ba\u015fkanl\u0131\u011f\u0131nda Yerel \u0130dare ve \u00c7evre Bakanl\u0131\u011f\u0131nda d\u00fczenledikleri oturumda t\u00fcm illerde yat\u0131r\u0131m projeleri ve in\u015faat\u0131 tamamlanmam\u0131\u015f binalar\u0131n durumu hakk\u0131nda ayr\u0131nt\u0131l\u0131 raporlar haz\u0131rlayacak iki komitenin kurulmas\u0131 karar\u0131 al\u0131nd\u0131.<\/p>\n<p>Toplant\u0131da aksayan yat\u0131r\u0131m projelerinin yeniden ba\u015flat\u0131lmas\u0131 i\u00e7in gerekli icraatlar tart\u0131\u015f\u0131l\u0131rken, t\u00fcm illerde yat\u0131r\u0131m projelerinin te\u015fvik edilmesi ve etkinle\u015ftirilmesi yollar\u0131 masaya yat\u0131r\u0131ld\u0131.<\/p>\n<p><a href=\"https:\/\/www.sana.sy\/tr\/wp-content\/uploads\/2018\/01\/ham\u0131s-2.jpg\"><img loading=\"lazy\" decoding=\"async\" class=\"alignright wp-image-135823 size-medium\" src=\"https:\/\/www.sana.sy\/tr\/wp-content\/uploads\/2018\/01\/ham\u0131s-2-300x187.jpg\" alt=\"\" width=\"300\" height=\"187\" srcset=\"https:\/\/archive.sana.sy\/tr\/wp-content\/uploads\/2018\/01\/ham\u0131s-2-300x187.jpg 300w, https:\/\/archive.sana.sy\/tr\/wp-content\/uploads\/2018\/01\/ham\u0131s-2-150x93.jpg 150w, https:\/\/archive.sana.sy\/tr\/wp-content\/uploads\/2018\/01\/ham\u0131s-2-768x478.jpg 768w, https:\/\/archive.sana.sy\/tr\/wp-content\/uploads\/2018\/01\/ham\u0131s-2-1024x637.jpg 1024w\" sizes=\"auto, (max-width: 300px) 100vw, 300px\" \/><\/a>Ba\u015fbakan Hamis t\u00fcm valilerden her idari birim i\u00e7in kapsaml\u0131 kalk\u0131nma projesi haz\u0131rlamalar\u0131n\u0131; geli\u015fig\u00fczel ya da yasad\u0131\u015f\u0131 in\u015faat \u00e7al\u0131\u015fmalar\u0131na da nihai \u00e7\u00f6z\u00fcm bulmalar\u0131 y\u00f6nlendirmelerinde bulundu.<\/p>\n<p>Toplant\u0131da ticaret, sanayi, tar\u0131m ve turizm odalar\u0131n\u0131n \u00e7al\u0131\u015fmalar\u0131 de\u011ferlendirilirken bu odalar\u0131 etkinle\u015ftirme ve kalk\u0131nsal durumu geli\u015ftirmede resmi kurumlar\u0131n orta\u011f\u0131 haline getirilmesi gere\u011fi ifade edildi.<\/p>\n<p>T\u00fcm illerde g\u00f6rsel durumlar\u0131n iyile\u015ftirilmesi \u00f6neminin ifade edildi\u011fi toplant\u0131da; binalar\u0131n g\u00f6rsel durumunun iyile\u015ftirilmesi karar\u0131 da al\u0131nd\u0131.<\/p>\n<p>Ba\u015fbakan Hamis ordu birliklerimizin ter\u00f6rden kurtard\u0131klar\u0131 b\u00f6lgelerde devlet kurumlar\u0131n\u0131n yeniden etkinle\u015ftirilmesi ve ter\u00f6r nedeiyle tehcir edilen vatanda\u015flar\u0131n bu b\u00f6lgelere d\u00f6n\u00fc\u015flerini kolayla\u015ft\u0131rmak ve onlara yard\u0131m etmek i\u00e7in gerekli t\u00fcm icraatlar\u0131n al\u0131nmas\u0131 y\u00f6nlendirmelerinde bulundu.<\/p>\n<p>https:\/\/www.youtube.com\/watch?v=PLRyIXrPP8A<\/p>\n","protected":false},"excerpt":{"rendered":"<p>\u015eAM \u2013 Valilerin Ba\u015fbakan \u0130mad Hamis ba\u015fkanl\u0131\u011f\u0131nda Yerel \u0130dare ve \u00c7evre Bakanl\u0131\u011f\u0131nda d\u00fczenledikleri oturumda t\u00fcm illerde yat\u0131r\u0131m projeleri ve in\u015faat\u0131 tamamlanmam\u0131\u015f binalar\u0131n durumu hakk\u0131nda ayr\u0131nt\u0131l\u0131 raporlar haz\u0131rlayacak iki komitenin kurulmas\u0131 karar\u0131 al\u0131nd\u0131. Toplant\u0131da aksayan yat\u0131r\u0131m projelerinin yeniden ba\u015flat\u0131lmas\u0131 i\u00e7in gerekli icraatlar tart\u0131\u015f\u0131l\u0131rken, t\u00fcm illerde yat\u0131r\u0131m projelerinin te\u015fvik edilmesi ve etkinle\u015ftirilmesi yollar\u0131 masaya yat\u0131r\u0131ld\u0131. Ba\u015fbakan Hamis &hellip;<\/p>\n","protected":false},"author":1,"featured_media":135822,"comment_status":"closed","ping_status":"closed","sticky":false,"template":"","format":"standard","meta":{"footnotes":""},"categories":[479,17988,478],"tags":[21934,2755,16591,22181,34512],"class_list":["post-135819","post","type-post","status-publish","format-standard","has-post-thumbnail","","category-haberler-yerel","category-son-haberler","category-yerel","tag-imad-hamis","tag-sam","tag-suriye","tag-suriyeliler","tag-valililerle-toplanti"],"_links":{"self":[{"href":"https:\/\/archive.sana.sy\/tr\/index.php?rest_route=\/wp\/v2\/posts\/135819","targetHints":{"allow":["GET"]}}],"collection":[{"href":"https:\/\/archive.sana.sy\/tr\/index.php?rest_route=\/wp\/v2\/posts"}],"about":[{"href":"https:\/\/archive.sana.sy\/tr\/index.php?rest_route=\/wp\/v2\/types\/post"}],"author":[{"embeddable":true,"href":"https:\/\/archive.sana.sy\/tr\/index.php?rest_route=\/wp\/v2\/users\/1"}],"replies":[{"embeddable":true,"href":"https:\/\/archive.sana.sy\/tr\/index.php?rest_route=%2Fwp%2Fv2%2Fcomments&post=135819"}],"version-history":[{"count":0,"href":"https:\/\/archive.sana.sy\/tr\/index.php?rest_route=\/wp\/v2\/posts\/135819\/revisions"}],"wp:featuredmedia":[{"embeddable":true,"href":"https:\/\/archive.sana.sy\/tr\/index.php?rest_route=\/wp\/v2\/media\/135822"}],"wp:attachment":[{"href":"https:\/\/archive.sana.sy\/tr\/index.php?rest_route=%2Fwp%2Fv2%2Fmedia&parent=135819"}],"wp:term":[{"taxonomy":"category","embeddable":true,"href":"https:\/\/archive.sana.sy\/tr\/index.php?rest_route=%2Fwp%2Fv2%2Fcategories&post=135819"},{"taxonomy":"post_tag","embeddable":true,"href":"https:\/\/archive.sana.sy\/tr\/index.php?rest_route=%2Fwp%2Fv2%2Ftags&post=135819"}],"curies":[{"name":"wp","href":"https:\/\/api.w.org\/{rel}","templated":true}]}}