{"id":135829,"date":"2018-01-19T15:40:49","date_gmt":"2018-01-19T13:40:49","guid":{"rendered":"https:\/\/www.sana.sy\/tr\/?p=135829"},"modified":"2018-01-20T09:54:38","modified_gmt":"2018-01-20T07:54:38","slug":"lazkiye-limani-yeniden-hizmete-acildi","status":"publish","type":"post","link":"https:\/\/archive.sana.sy\/tr\/?p=135829","title":{"rendered":"Tartus ve Lazkiye Liman\u0131 Yeniden Hizmete A\u00e7\u0131ld\u0131"},"content":{"rendered":"<p>\u0130LLER \u2013 K\u00f6t\u00fc hava ko\u015fullar\u0131 nedeniyle d\u00fcn hizmete kapat\u0131lan Lazkiye ve Tartus deniz limanlar\u0131 bug\u00fcn yeniden faaliyetlerine ba\u015flad\u0131.<\/p>\n<p>Deniz Limanlar\u0131 Genel M\u00fcd\u00fcr\u00fc Ekrem \u0130brahim yapt\u0131\u011f\u0131 a\u00e7\u0131klamada; r\u00fczgar ve f\u0131rt\u0131na \u015fiddetinin azalmas\u0131yla Lazkiye Deniz Liman\u0131n\u0131n bug\u00fcn yeniden hizmete a\u00e7\u0131ld\u0131\u011f\u0131n\u0131 a\u00e7\u0131klad\u0131.<\/p>\n<p>G\u00fcn\u00fcn ilerleyen saatlerinde de \u0130brahim Tartus Liman\u0131n\u0131n da yine hizmete a\u00e7\u0131ld\u0131\u011f\u0131n\u0131 belirtti.<\/p>\n<p>Yurdun k\u00f6t\u00fc hava ko\u015fullar\u0131na tan\u0131k olmas\u0131 ve \u015fiddetli f\u0131rt\u0131nan\u0131n meydana gelmesi nedeniyle Suriye&#8217;nin t\u00fcm deniz limanlar\u0131 d\u00fcn kapat\u0131lm\u0131\u015ft\u0131.<\/p>\n","protected":false},"excerpt":{"rendered":"<p>\u0130LLER \u2013 K\u00f6t\u00fc hava ko\u015fullar\u0131 nedeniyle d\u00fcn hizmete kapat\u0131lan Lazkiye ve Tartus deniz limanlar\u0131 bug\u00fcn yeniden faaliyetlerine ba\u015flad\u0131. Deniz Limanlar\u0131 Genel M\u00fcd\u00fcr\u00fc Ekrem \u0130brahim yapt\u0131\u011f\u0131 a\u00e7\u0131klamada; r\u00fczgar ve f\u0131rt\u0131na \u015fiddetinin azalmas\u0131yla Lazkiye Deniz Liman\u0131n\u0131n bug\u00fcn yeniden hizmete a\u00e7\u0131ld\u0131\u011f\u0131n\u0131 a\u00e7\u0131klad\u0131. G\u00fcn\u00fcn ilerleyen saatlerinde de \u0130brahim Tartus Liman\u0131n\u0131n da yine hizmete a\u00e7\u0131ld\u0131\u011f\u0131n\u0131 belirtti. Yurdun k\u00f6t\u00fc hava ko\u015fullar\u0131na &hellip;<\/p>\n","protected":false},"author":1,"featured_media":135868,"comment_status":"closed","ping_status":"closed","sticky":false,"template":"","format":"standard","meta":{"footnotes":""},"categories":[485,486,17988],"tags":[34498,18704,34516,16591,18705],"class_list":["post-135829","post","type-post","status-publish","format-standard","has-post-thumbnail","","category-is-ve-sermaye","category-haberler-is-ve-sermaye","category-son-haberler","tag-deniz-limanlari","tag-lazkiye-limani","tag-siddetli-firtina","tag-suriye","tag-tartus-limani"],"_links":{"self":[{"href":"https:\/\/archive.sana.sy\/tr\/index.php?rest_route=\/wp\/v2\/posts\/135829","targetHints":{"allow":["GET"]}}],"collection":[{"href":"https:\/\/archive.sana.sy\/tr\/index.php?rest_route=\/wp\/v2\/posts"}],"about":[{"href":"https:\/\/archive.sana.sy\/tr\/index.php?rest_route=\/wp\/v2\/types\/post"}],"author":[{"embeddable":true,"href":"https:\/\/archive.sana.sy\/tr\/index.php?rest_route=\/wp\/v2\/users\/1"}],"replies":[{"embeddable":true,"href":"https:\/\/archive.sana.sy\/tr\/index.php?rest_route=%2Fwp%2Fv2%2Fcomments&post=135829"}],"version-history":[{"count":0,"href":"https:\/\/archive.sana.sy\/tr\/index.php?rest_route=\/wp\/v2\/posts\/135829\/revisions"}],"wp:featuredmedia":[{"embeddable":true,"href":"https:\/\/archive.sana.sy\/tr\/index.php?rest_route=\/wp\/v2\/media\/135868"}],"wp:attachment":[{"href":"https:\/\/archive.sana.sy\/tr\/index.php?rest_route=%2Fwp%2Fv2%2Fmedia&parent=135829"}],"wp:term":[{"taxonomy":"category","embeddable":true,"href":"https:\/\/archive.sana.sy\/tr\/index.php?rest_route=%2Fwp%2Fv2%2Fcategories&post=135829"},{"taxonomy":"post_tag","embeddable":true,"href":"https:\/\/archive.sana.sy\/tr\/index.php?rest_route=%2Fwp%2Fv2%2Ftags&post=135829"}],"curies":[{"name":"wp","href":"https:\/\/api.w.org\/{rel}","templated":true}]}}