{"id":135871,"date":"2018-01-19T14:30:28","date_gmt":"2018-01-19T12:30:28","guid":{"rendered":"https:\/\/www.sana.sy\/tr\/?p=135871"},"modified":"2018-01-20T09:54:54","modified_gmt":"2018-01-20T07:54:54","slug":"gundem-soci-konferansina-hazirliklar","status":"publish","type":"post","link":"https:\/\/archive.sana.sy\/tr\/?p=135871","title":{"rendered":"G\u00fcndem So\u00e7i Konferans\u0131na Haz\u0131rl\u0131klar"},"content":{"rendered":"<p>MOSKOVA \u2013 Rusya Ba\u015fkan\u0131 Vladimir Putin bug\u00fcn Rusya G\u00fcvenlik Konseyi \u00fcyeleri ile bug\u00fcn; 29-30 Ocak tarihleri aras\u0131nda Rusya&#8217;n\u0131n So\u00e7i Kentinde yap\u0131lmas\u0131 beklenen Suriye Ulusal Diyalog Konferans\u0131na haz\u0131rl\u0131k \u00e7al\u0131\u015fmalar\u0131n\u0131 masaya yat\u0131rd\u0131.<\/p>\n<p>Rusya Ba\u015fkanl\u0131k Saray\u0131 Kremlinin s\u00f6zc\u00fcs\u00fc Dmitry Peskov TR web sitesinin aktard\u0131\u011f\u0131 a\u00e7\u0131klamalar\u0131nda; toplant\u0131da genel olarak Suriye&#8217;deki krize siyasi \u00e7\u00f6z\u00fcm bulma \u00e7abalar\u0131n\u0131n ele al\u0131nmas\u0131yla So\u00e7i Konferans\u0131na haz\u0131rl\u0131klar \u00fczerinde odaklan\u0131ld\u0131\u011f\u0131n\u0131 belirtti.<\/p>\n","protected":false},"excerpt":{"rendered":"<p>MOSKOVA \u2013 Rusya Ba\u015fkan\u0131 Vladimir Putin bug\u00fcn Rusya G\u00fcvenlik Konseyi \u00fcyeleri ile bug\u00fcn; 29-30 Ocak tarihleri aras\u0131nda Rusya&#8217;n\u0131n So\u00e7i Kentinde yap\u0131lmas\u0131 beklenen Suriye Ulusal Diyalog Konferans\u0131na haz\u0131rl\u0131k \u00e7al\u0131\u015fmalar\u0131n\u0131 masaya yat\u0131rd\u0131. Rusya Ba\u015fkanl\u0131k Saray\u0131 Kremlinin s\u00f6zc\u00fcs\u00fc Dmitry Peskov TR web sitesinin aktard\u0131\u011f\u0131 a\u00e7\u0131klamalar\u0131nda; toplant\u0131da genel olarak Suriye&#8217;deki krize siyasi \u00e7\u00f6z\u00fcm bulma \u00e7abalar\u0131n\u0131n ele al\u0131nmas\u0131yla So\u00e7i Konferans\u0131na &hellip;<\/p>\n","protected":false},"author":1,"featured_media":135874,"comment_status":"closed","ping_status":"closed","sticky":false,"template":"","format":"standard","meta":{"footnotes":""},"categories":[458,459,17988],"tags":[17033,16592,33990,18574,34517],"class_list":["post-135871","post","type-post","status-publish","format-standard","has-post-thumbnail","","category-dunya1","category-haberler-arap-uluslararasi-politika","category-son-haberler","tag-dmitry-peskov","tag-rusya","tag-soci-konferansi","tag-suriye-krizi","tag-vladimri-putin"],"_links":{"self":[{"href":"https:\/\/archive.sana.sy\/tr\/index.php?rest_route=\/wp\/v2\/posts\/135871","targetHints":{"allow":["GET"]}}],"collection":[{"href":"https:\/\/archive.sana.sy\/tr\/index.php?rest_route=\/wp\/v2\/posts"}],"about":[{"href":"https:\/\/archive.sana.sy\/tr\/index.php?rest_route=\/wp\/v2\/types\/post"}],"author":[{"embeddable":true,"href":"https:\/\/archive.sana.sy\/tr\/index.php?rest_route=\/wp\/v2\/users\/1"}],"replies":[{"embeddable":true,"href":"https:\/\/archive.sana.sy\/tr\/index.php?rest_route=%2Fwp%2Fv2%2Fcomments&post=135871"}],"version-history":[{"count":0,"href":"https:\/\/archive.sana.sy\/tr\/index.php?rest_route=\/wp\/v2\/posts\/135871\/revisions"}],"wp:featuredmedia":[{"embeddable":true,"href":"https:\/\/archive.sana.sy\/tr\/index.php?rest_route=\/wp\/v2\/media\/135874"}],"wp:attachment":[{"href":"https:\/\/archive.sana.sy\/tr\/index.php?rest_route=%2Fwp%2Fv2%2Fmedia&parent=135871"}],"wp:term":[{"taxonomy":"category","embeddable":true,"href":"https:\/\/archive.sana.sy\/tr\/index.php?rest_route=%2Fwp%2Fv2%2Fcategories&post=135871"},{"taxonomy":"post_tag","embeddable":true,"href":"https:\/\/archive.sana.sy\/tr\/index.php?rest_route=%2Fwp%2Fv2%2Ftags&post=135871"}],"curies":[{"name":"wp","href":"https:\/\/api.w.org\/{rel}","templated":true}]}}