{"id":135945,"date":"2018-01-20T12:09:15","date_gmt":"2018-01-20T10:09:15","guid":{"rendered":"https:\/\/www.sana.sy\/tr\/?p=135945"},"modified":"2018-01-21T09:55:33","modified_gmt":"2018-01-21T07:55:33","slug":"artik-akli-selim-kimseyi-kandiramazlar","status":"publish","type":"post","link":"https:\/\/archive.sana.sy\/tr\/?p=135945","title":{"rendered":"Art\u0131k Akl\u0131 Selim Kimseyi Kand\u0131ramazlar"},"content":{"rendered":"<p>MADR\u0130D \u2013 \u0130spanya\u2019n\u0131n ba\u015fkenti Madrid\u2019de d\u00fczenlenen Uluslararas\u0131 Turizm Fuar\u0131nda Suriye stand\u0131 fuar ziyaret\u00e7ilerinin yo\u011fun ilgisini \u00e7ekerken, \u0130spanyol \u00e7ok say\u0131da gazeteci, yazar ve edebiyat\u00e7\u0131n\u0131n ziyaretlerine tan\u0131k oldu.<\/p>\n<p><a href=\"https:\/\/www.sana.sy\/tr\/wp-content\/uploads\/2018\/01\/1-146.jpg\"><img loading=\"lazy\" decoding=\"async\" class=\"alignright wp-image-135949 \" src=\"https:\/\/www.sana.sy\/tr\/wp-content\/uploads\/2018\/01\/1-146-300x168.jpg\" alt=\"\" width=\"297\" height=\"166\" srcset=\"https:\/\/archive.sana.sy\/tr\/wp-content\/uploads\/2018\/01\/1-146-300x168.jpg 300w, https:\/\/archive.sana.sy\/tr\/wp-content\/uploads\/2018\/01\/1-146-150x84.jpg 150w, https:\/\/archive.sana.sy\/tr\/wp-content\/uploads\/2018\/01\/1-146.jpg 660w\" sizes=\"auto, (max-width: 297px) 100vw, 297px\" \/><\/a>Suriye stand\u0131n\u0131 ziyaret eden \u0130spanyol \u015fahsiyetler; Suriye&#8217;nin ter\u00f6re kar\u015f\u0131 zaferlerini kutlarken, uluslar aras\u0131 fuarda yeniden yerini g\u00fc\u00e7l\u00fc bir \u015fekilde almas\u0131ndan memnuniyetlerini kaydettiler.<\/p>\n<p>\u015eahsiyetler Suriye&#8217;nin uluslar aras\u0131 medya ara\u00e7lar\u0131n\u0131n kat\u0131ld\u0131\u011f\u0131 yalan dolandan ibaret b\u00fcy\u00fck bir medya kampanyas\u0131n\u0131n \u00f6rt\u00fcs\u00fc alt\u0131nda uluslar aras\u0131 bir ter\u00f6re maruz kald\u0131\u011f\u0131na dikkat \u00e7ekti. Bu sava\u015fta belli ba\u015fl\u0131 devletlerin t\u00fcm olanaklar\u0131n\u0131 seferber ettiklerini kaydeden \u015fahsiyetler; d\u00fcnya kamuoyunu aldatma kampanyalar\u0131n\u0131n de\u015fifre oldu\u011funu, yalan dolanlar\u0131yla art\u0131k akl\u0131 selim olan kimseyi kand\u0131ramayacaklar\u0131n\u0131 ifade ettiler.<\/p>\n<p><a href=\"https:\/\/www.sana.sy\/tr\/wp-content\/uploads\/2018\/01\/2-72.jpg\"><img loading=\"lazy\" decoding=\"async\" class=\"alignright wp-image-135951 size-medium\" src=\"https:\/\/www.sana.sy\/tr\/wp-content\/uploads\/2018\/01\/2-72-300x168.jpg\" alt=\"\" width=\"300\" height=\"168\" srcset=\"https:\/\/archive.sana.sy\/tr\/wp-content\/uploads\/2018\/01\/2-72-300x168.jpg 300w, https:\/\/archive.sana.sy\/tr\/wp-content\/uploads\/2018\/01\/2-72-150x84.jpg 150w, https:\/\/archive.sana.sy\/tr\/wp-content\/uploads\/2018\/01\/2-72.jpg 660w\" sizes=\"auto, (max-width: 300px) 100vw, 300px\" \/><\/a>Suriye devletinin ulusal ve uluslar aras\u0131 kanunlar ve ilkeler kapsam\u0131nda Suriye&#8217;nin egemenli\u011fini ve toprak b\u00fct\u00fcnl\u00fc\u011f\u00fcn\u00fc savunma hakk\u0131n\u0131n me\u015fru oldu\u011funu belirten \u0130spanyol \u015fahsiyetler; dolay\u0131s\u0131yla Suriye&#8217;nin her kar\u0131\u015f topra\u011f\u0131nda ter\u00f6re kar\u015f\u0131 operasyonlarda bulunma hakk\u0131n\u0131n alt\u0131n\u0131 \u00e7izdiler.<\/p>\n<p>Ter\u00f6r\u00fc destekleyen rejimleri k\u0131nayan \u0130spanyol \u015fahsiyetler s\u00f6zde uluslar aras\u0131 g\u00fcvenirli\u011fi olan ve siyasi ajandalar u\u011fruna Suriye konusunda ger\u00e7ekleri \u00e7arp\u0131tan medya ara\u00e7lar\u0131n\u0131 da k\u0131nad\u0131lar.<\/p>\n","protected":false},"excerpt":{"rendered":"<p>MADR\u0130D \u2013 \u0130spanya\u2019n\u0131n ba\u015fkenti Madrid\u2019de d\u00fczenlenen Uluslararas\u0131 Turizm Fuar\u0131nda Suriye stand\u0131 fuar ziyaret\u00e7ilerinin yo\u011fun ilgisini \u00e7ekerken, \u0130spanyol \u00e7ok say\u0131da gazeteci, yazar ve edebiyat\u00e7\u0131n\u0131n ziyaretlerine tan\u0131k oldu. Suriye stand\u0131n\u0131 ziyaret eden \u0130spanyol \u015fahsiyetler; Suriye&#8217;nin ter\u00f6re kar\u015f\u0131 zaferlerini kutlarken, uluslar aras\u0131 fuarda yeniden yerini g\u00fc\u00e7l\u00fc bir \u015fekilde almas\u0131ndan memnuniyetlerini kaydettiler. \u015eahsiyetler Suriye&#8217;nin uluslar aras\u0131 medya ara\u00e7lar\u0131n\u0131n kat\u0131ld\u0131\u011f\u0131 &hellip;<\/p>\n","protected":false},"author":1,"featured_media":135947,"comment_status":"closed","ping_status":"closed","sticky":false,"template":"","format":"standard","meta":{"footnotes":""},"categories":[458,459,516,511,17988,2553],"tags":[25739,34493,16591,2442],"class_list":["post-135945","post","type-post","status-publish","format-standard","has-post-thumbnail","","category-dunya1","category-haberler-arap-uluslararasi-politika","category-haberler-kultur-ve-sanat","category-kultur-ve-sanat","category-son-haberler","category-turizm","tag-ispanya","tag-madrid","tag-suriye","tag-teror"],"_links":{"self":[{"href":"https:\/\/archive.sana.sy\/tr\/index.php?rest_route=\/wp\/v2\/posts\/135945","targetHints":{"allow":["GET"]}}],"collection":[{"href":"https:\/\/archive.sana.sy\/tr\/index.php?rest_route=\/wp\/v2\/posts"}],"about":[{"href":"https:\/\/archive.sana.sy\/tr\/index.php?rest_route=\/wp\/v2\/types\/post"}],"author":[{"embeddable":true,"href":"https:\/\/archive.sana.sy\/tr\/index.php?rest_route=\/wp\/v2\/users\/1"}],"replies":[{"embeddable":true,"href":"https:\/\/archive.sana.sy\/tr\/index.php?rest_route=%2Fwp%2Fv2%2Fcomments&post=135945"}],"version-history":[{"count":0,"href":"https:\/\/archive.sana.sy\/tr\/index.php?rest_route=\/wp\/v2\/posts\/135945\/revisions"}],"wp:featuredmedia":[{"embeddable":true,"href":"https:\/\/archive.sana.sy\/tr\/index.php?rest_route=\/wp\/v2\/media\/135947"}],"wp:attachment":[{"href":"https:\/\/archive.sana.sy\/tr\/index.php?rest_route=%2Fwp%2Fv2%2Fmedia&parent=135945"}],"wp:term":[{"taxonomy":"category","embeddable":true,"href":"https:\/\/archive.sana.sy\/tr\/index.php?rest_route=%2Fwp%2Fv2%2Fcategories&post=135945"},{"taxonomy":"post_tag","embeddable":true,"href":"https:\/\/archive.sana.sy\/tr\/index.php?rest_route=%2Fwp%2Fv2%2Ftags&post=135945"}],"curies":[{"name":"wp","href":"https:\/\/api.w.org\/{rel}","templated":true}]}}