{"id":136002,"date":"2018-01-20T20:21:55","date_gmt":"2018-01-20T18:21:55","guid":{"rendered":"https:\/\/www.sana.sy\/tr\/?p=136002"},"modified":"2018-01-20T20:29:09","modified_gmt":"2018-01-20T18:29:09","slug":"turkiye-rejiminin-bu-saldiri-konusunda-suriyeyi-bilgilendirdigi-yonunde-bulundugu-iddialarin-asli-gercegi-olmadiginin-altini-cizen-yetkili-kaynak-soz-konusu-iddialarin-turkiye-rejiminin-bu-yalanla","status":"publish","type":"post","link":"https:\/\/archive.sana.sy\/tr\/?p=136002","title":{"rendered":"T\u00fcrkiye rejiminin bu sald\u0131r\u0131 konusunda Suriye&#8217;yi bilgilendirdi\u011fi y\u00f6n\u00fcnde bulundu\u011fu iddialar\u0131n asl\u0131 ger\u00e7e\u011fi olmad\u0131\u011f\u0131n\u0131n alt\u0131n\u0131 \u00e7izen yetkili kaynak; s\u00f6z konusu iddialar\u0131n, T\u00fcrkiye rejiminin bu yalanlar\u0131n\u0131n Suriye ve halk\u0131na kar\u015f\u0131 yalan dolan dizisinin yeni bir halkas\u0131ndan ibaret oldu\u011funu vurgulad\u0131."},"content":{"rendered":"<p>T\u00fcrkiye rejiminin bu sald\u0131r\u0131 konusunda Suriye&#8217;yi bilgilendirdi\u011fi y\u00f6n\u00fcnde bulundu\u011fu iddialar\u0131n asl\u0131 ger\u00e7e\u011fi olmad\u0131\u011f\u0131n\u0131n alt\u0131n\u0131 \u00e7izen yetkili kaynak; s\u00f6z konusu iddialar\u0131n, T\u00fcrkiye rejiminin bu yalanlar\u0131n\u0131n Suriye ve halk\u0131na kar\u015f\u0131 yalan dolan dizisinin yeni bir halkas\u0131ndan ibaret oldu\u011funu vurgulad\u0131.<\/p>\n","protected":false},"excerpt":{"rendered":"<p>T\u00fcrkiye rejiminin bu sald\u0131r\u0131 konusunda Suriye&#8217;yi bilgilendirdi\u011fi y\u00f6n\u00fcnde bulundu\u011fu iddialar\u0131n asl\u0131 ger\u00e7e\u011fi olmad\u0131\u011f\u0131n\u0131n alt\u0131n\u0131 \u00e7izen yetkili kaynak; s\u00f6z konusu iddialar\u0131n, T\u00fcrkiye rejiminin bu yalanlar\u0131n\u0131n Suriye ve halk\u0131na kar\u015f\u0131 yalan dolan dizisinin yeni bir halkas\u0131ndan ibaret oldu\u011funu vurgulad\u0131.<\/p>\n","protected":false},"author":1,"featured_media":0,"comment_status":"closed","ping_status":"closed","sticky":false,"template":"","format":"standard","meta":{"footnotes":""},"categories":[17991],"tags":[],"class_list":["post-136002","post","type-post","status-publish","format-standard","","category-son-dakika"],"_links":{"self":[{"href":"https:\/\/archive.sana.sy\/tr\/index.php?rest_route=\/wp\/v2\/posts\/136002","targetHints":{"allow":["GET"]}}],"collection":[{"href":"https:\/\/archive.sana.sy\/tr\/index.php?rest_route=\/wp\/v2\/posts"}],"about":[{"href":"https:\/\/archive.sana.sy\/tr\/index.php?rest_route=\/wp\/v2\/types\/post"}],"author":[{"embeddable":true,"href":"https:\/\/archive.sana.sy\/tr\/index.php?rest_route=\/wp\/v2\/users\/1"}],"replies":[{"embeddable":true,"href":"https:\/\/archive.sana.sy\/tr\/index.php?rest_route=%2Fwp%2Fv2%2Fcomments&post=136002"}],"version-history":[{"count":0,"href":"https:\/\/archive.sana.sy\/tr\/index.php?rest_route=\/wp\/v2\/posts\/136002\/revisions"}],"wp:attachment":[{"href":"https:\/\/archive.sana.sy\/tr\/index.php?rest_route=%2Fwp%2Fv2%2Fmedia&parent=136002"}],"wp:term":[{"taxonomy":"category","embeddable":true,"href":"https:\/\/archive.sana.sy\/tr\/index.php?rest_route=%2Fwp%2Fv2%2Fcategories&post=136002"},{"taxonomy":"post_tag","embeddable":true,"href":"https:\/\/archive.sana.sy\/tr\/index.php?rest_route=%2Fwp%2Fv2%2Ftags&post=136002"}],"curies":[{"name":"wp","href":"https:\/\/api.w.org\/{rel}","templated":true}]}}