{"id":136008,"date":"2018-01-20T20:35:22","date_gmt":"2018-01-20T18:35:22","guid":{"rendered":"https:\/\/www.sana.sy\/tr\/?p=136008"},"modified":"2018-01-21T12:58:59","modified_gmt":"2018-01-21T10:58:59","slug":"suriye-turkiye-rejiminin-saldirisini-siddetle-kiniyor","status":"publish","type":"post","link":"https:\/\/archive.sana.sy\/tr\/?p=136008","title":{"rendered":"Suriye, T\u00fcrkiye Rejiminin Sald\u0131r\u0131s\u0131n\u0131 \u015eiddetle K\u0131n\u0131yor"},"content":{"rendered":"<p>\u015eAM \u2013 D\u0131\u015fi\u015fleri ve Gurbet\u00e7iler Bakanl\u0131\u011f\u0131nda yetkili bir kaynak T\u00fcrkiye rejimininin, Suriye Arap Cumhuriyetinin b\u00f6l\u00fcnmez bir par\u00e7as\u0131 olan Halep k\u0131rsal\u0131 Afrin B\u00f6lgesine bulundu\u011fu gaddar sald\u0131r\u0131y\u0131 keskin bir dille k\u0131nad\u0131\u011f\u0131n\u0131 belirtti.<\/p>\n<p>Yetkili kaynak SANA\u2019ya yapt\u0131\u011f\u0131 a\u00e7\u0131klamada; T\u00fcrkiye rejiminin Suriye&#8217;nin toprak b\u00fct\u00fcnl\u00fc\u011f\u00fc ve egemenli\u011fine bulundu\u011fu bu yeni sald\u0131r\u0131n\u0131n tehlikesine dikkat \u00e7ekti.<\/p>\n<p>T\u00fcrkiye rejiminin bu sald\u0131r\u0131 konusunda Suriye&#8217;yi bilgilendirdi\u011fi y\u00f6n\u00fcnde bulundu\u011fu iddialar\u0131n asl\u0131 ger\u00e7e\u011fi olmad\u0131\u011f\u0131n\u0131n alt\u0131n\u0131 \u00e7izen yetkili kaynak; s\u00f6z konusu iddialar\u0131n, T\u00fcrkiye rejiminin bu yalanlar\u0131n\u0131n Suriye ve halk\u0131na kar\u015f\u0131 yalan dolan dizisinin yeni bir halkas\u0131ndan ibaret oldu\u011funu vurgulad\u0131.<\/p>\n<p>Yetkili kaynak Suriye&#8217;nin t\u00fcm uluslar aras\u0131 toplumdan T\u00fcrkiye rejiminin Suriye&#8217;ye y\u00f6nelik bu sald\u0131r\u0131s\u0131n\u0131 k\u0131namas\u0131n\u0131n yan\u0131 s\u0131ra derhal durdurulmas\u0131 i\u00e7in gerekli etkin icraatlar\u0131 almas\u0131n\u0131 talep etti\u011fini belirtti.<\/p>\n","protected":false},"excerpt":{"rendered":"<p>\u015eAM \u2013 D\u0131\u015fi\u015fleri ve Gurbet\u00e7iler Bakanl\u0131\u011f\u0131nda yetkili bir kaynak T\u00fcrkiye rejimininin, Suriye Arap Cumhuriyetinin b\u00f6l\u00fcnmez bir par\u00e7as\u0131 olan Halep k\u0131rsal\u0131 Afrin B\u00f6lgesine bulundu\u011fu gaddar sald\u0131r\u0131y\u0131 keskin bir dille k\u0131nad\u0131\u011f\u0131n\u0131 belirtti. Yetkili kaynak SANA\u2019ya yapt\u0131\u011f\u0131 a\u00e7\u0131klamada; T\u00fcrkiye rejiminin Suriye&#8217;nin toprak b\u00fct\u00fcnl\u00fc\u011f\u00fc ve egemenli\u011fine bulundu\u011fu bu yeni sald\u0131r\u0131n\u0131n tehlikesine dikkat \u00e7ekti. T\u00fcrkiye rejiminin bu sald\u0131r\u0131 konusunda Suriye&#8217;yi &hellip;<\/p>\n","protected":false},"author":1,"featured_media":136014,"comment_status":"closed","ping_status":"closed","sticky":false,"template":"","format":"standard","meta":{"footnotes":""},"categories":[479,17988,2554,2555,478],"tags":[4096,30788,34530,2755,16591,22181,3039],"class_list":["post-136008","post","type-post","status-publish","format-standard","has-post-thumbnail","","category-haberler-yerel","category-son-haberler","category-suriye-ve-dunya","category-suriye-ve-turkiye","category-yerel","tag-afrin","tag-disisleri","tag-disisleri-ve-gurbetciler-bakaniligi","tag-sam","tag-suriye","tag-suriyeliler","tag-turkiye"],"_links":{"self":[{"href":"https:\/\/archive.sana.sy\/tr\/index.php?rest_route=\/wp\/v2\/posts\/136008","targetHints":{"allow":["GET"]}}],"collection":[{"href":"https:\/\/archive.sana.sy\/tr\/index.php?rest_route=\/wp\/v2\/posts"}],"about":[{"href":"https:\/\/archive.sana.sy\/tr\/index.php?rest_route=\/wp\/v2\/types\/post"}],"author":[{"embeddable":true,"href":"https:\/\/archive.sana.sy\/tr\/index.php?rest_route=\/wp\/v2\/users\/1"}],"replies":[{"embeddable":true,"href":"https:\/\/archive.sana.sy\/tr\/index.php?rest_route=%2Fwp%2Fv2%2Fcomments&post=136008"}],"version-history":[{"count":0,"href":"https:\/\/archive.sana.sy\/tr\/index.php?rest_route=\/wp\/v2\/posts\/136008\/revisions"}],"wp:featuredmedia":[{"embeddable":true,"href":"https:\/\/archive.sana.sy\/tr\/index.php?rest_route=\/wp\/v2\/media\/136014"}],"wp:attachment":[{"href":"https:\/\/archive.sana.sy\/tr\/index.php?rest_route=%2Fwp%2Fv2%2Fmedia&parent=136008"}],"wp:term":[{"taxonomy":"category","embeddable":true,"href":"https:\/\/archive.sana.sy\/tr\/index.php?rest_route=%2Fwp%2Fv2%2Fcategories&post=136008"},{"taxonomy":"post_tag","embeddable":true,"href":"https:\/\/archive.sana.sy\/tr\/index.php?rest_route=%2Fwp%2Fv2%2Ftags&post=136008"}],"curies":[{"name":"wp","href":"https:\/\/api.w.org\/{rel}","templated":true}]}}