{"id":136018,"date":"2018-01-20T22:00:01","date_gmt":"2018-01-20T20:00:01","guid":{"rendered":"https:\/\/www.sana.sy\/tr\/?p=136018"},"modified":"2018-01-21T10:52:46","modified_gmt":"2018-01-21T08:52:46","slug":"erdogan-rejiminin-saldirilarinda-yaralananlar-arasinda-cocuklar-var","status":"publish","type":"post","link":"https:\/\/archive.sana.sy\/tr\/?p=136018","title":{"rendered":"Erdo\u011fan Rejiminin Sald\u0131r\u0131lar\u0131nda Yaralananlar Aras\u0131nda \u00c7ocuklar Var"},"content":{"rendered":"<p>HALEP \u2013 HASEKE \u2013 \u0130hvanc\u0131 Erdo\u011fan rejimine tabi g\u00fc\u00e7ler Halep ve Haseke k\u0131rsallar\u0131n\u0131n muhtelif b\u00f6lgelerinde sivil yerle\u015fim alanlar\u0131n\u0131 bombalamas\u0131yla bir\u00e7ok sivil vatanda\u015f isabet al\u0131rken, vatanda\u015flar\u0131n evlerinde b\u00fcy\u00fck bir y\u0131k\u0131m meydana geldi.<\/p>\n<p>Halep k\u0131rsal\u0131n\u0131n kuzeyi Afrin b\u00f6lgesinde yerel kaynaklar Erdo\u011fan rejimine tabi g\u00fc\u00e7lerin Afrin k\u0131rsal\u0131n\u0131n muhtelif b\u00f6lgelerinde sivil yerle\u015fim alanlar\u0131n\u0131 bombalad\u0131\u011f\u0131n\u0131 aktard\u0131. Kaynaklar bunun sonucunda aralar\u0131nda iki \u00e7ocu\u011fun bulundu\u011fu 7 sivil vatanda\u015f\u0131n yaraland\u0131\u011f\u0131n\u0131, sivillere ait evlerde b\u00fcy\u00fck y\u0131k\u0131mlar\u0131n meydana geldi\u011fini belirtti.<\/p>\n<p>Haseke k\u0131rsal\u0131nda ise yerel kaynaklar Erdo\u011fan rejiminin il k\u0131rsal\u0131n\u0131n kuzeydo\u011fu k\u0131rsal\u0131 u\u00e7lar\u0131nda Malikiye B\u00f6lgesinde yer alan Hrab Re\u015fk K\u00f6y\u00fcn\u00fc top ve tank ate\u015fine tuttu\u011funu aktard\u0131. Kaynaklar sald\u0131r\u0131lar sonucunda vatanda\u015flara ait b\u00fcy\u00fckba\u015f hayvanlar\u0131 s\u00fcr\u00fcleri ve evlerde b\u00fcy\u00fck hasarlar\u0131n meydana geldi\u011fini kaydetti.<\/p>\n","protected":false},"excerpt":{"rendered":"<p>HALEP \u2013 HASEKE \u2013 \u0130hvanc\u0131 Erdo\u011fan rejimine tabi g\u00fc\u00e7ler Halep ve Haseke k\u0131rsallar\u0131n\u0131n muhtelif b\u00f6lgelerinde sivil yerle\u015fim alanlar\u0131n\u0131 bombalamas\u0131yla bir\u00e7ok sivil vatanda\u015f isabet al\u0131rken, vatanda\u015flar\u0131n evlerinde b\u00fcy\u00fck bir y\u0131k\u0131m meydana geldi. Halep k\u0131rsal\u0131n\u0131n kuzeyi Afrin b\u00f6lgesinde yerel kaynaklar Erdo\u011fan rejimine tabi g\u00fc\u00e7lerin Afrin k\u0131rsal\u0131n\u0131n muhtelif b\u00f6lgelerinde sivil yerle\u015fim alanlar\u0131n\u0131 bombalad\u0131\u011f\u0131n\u0131 aktard\u0131. Kaynaklar bunun sonucunda aralar\u0131nda &hellip;<\/p>\n","protected":false},"author":1,"featured_media":136019,"comment_status":"closed","ping_status":"closed","sticky":false,"template":"","format":"standard","meta":{"footnotes":""},"categories":[479,575,17988,2554,2555,478],"tags":[34532,4096,34531,1132,1140,24672,34533,34534,31983],"class_list":["post-136018","post","type-post","status-publish","format-standard","has-post-thumbnail","","category-haberler-yerel","category-olaylar-ve-gercekler","category-son-haberler","category-suriye-ve-dunya","category-suriye-ve-turkiye","category-yerel","tag-7-sivil","tag-afrin","tag-gucler","tag-halep","tag-haseke","tag-ihvanci-erdogan","tag-malikiye","tag-resk-koyunu","tag-sivil-yerlesim"],"_links":{"self":[{"href":"https:\/\/archive.sana.sy\/tr\/index.php?rest_route=\/wp\/v2\/posts\/136018","targetHints":{"allow":["GET"]}}],"collection":[{"href":"https:\/\/archive.sana.sy\/tr\/index.php?rest_route=\/wp\/v2\/posts"}],"about":[{"href":"https:\/\/archive.sana.sy\/tr\/index.php?rest_route=\/wp\/v2\/types\/post"}],"author":[{"embeddable":true,"href":"https:\/\/archive.sana.sy\/tr\/index.php?rest_route=\/wp\/v2\/users\/1"}],"replies":[{"embeddable":true,"href":"https:\/\/archive.sana.sy\/tr\/index.php?rest_route=%2Fwp%2Fv2%2Fcomments&post=136018"}],"version-history":[{"count":0,"href":"https:\/\/archive.sana.sy\/tr\/index.php?rest_route=\/wp\/v2\/posts\/136018\/revisions"}],"wp:featuredmedia":[{"embeddable":true,"href":"https:\/\/archive.sana.sy\/tr\/index.php?rest_route=\/wp\/v2\/media\/136019"}],"wp:attachment":[{"href":"https:\/\/archive.sana.sy\/tr\/index.php?rest_route=%2Fwp%2Fv2%2Fmedia&parent=136018"}],"wp:term":[{"taxonomy":"category","embeddable":true,"href":"https:\/\/archive.sana.sy\/tr\/index.php?rest_route=%2Fwp%2Fv2%2Fcategories&post=136018"},{"taxonomy":"post_tag","embeddable":true,"href":"https:\/\/archive.sana.sy\/tr\/index.php?rest_route=%2Fwp%2Fv2%2Ftags&post=136018"}],"curies":[{"name":"wp","href":"https:\/\/api.w.org\/{rel}","templated":true}]}}