{"id":136078,"date":"2018-01-21T14:01:17","date_gmt":"2018-01-21T12:01:17","guid":{"rendered":"https:\/\/www.sana.sy\/tr\/?p=136078"},"modified":"2018-01-22T09:47:01","modified_gmt":"2018-01-22T07:47:01","slug":"suriye-bir-butundur-bolunemez","status":"publish","type":"post","link":"https:\/\/archive.sana.sy\/tr\/?p=136078","title":{"rendered":"Suriye Bir B\u00fct\u00fcnd\u00fcr B\u00f6l\u00fcnemez"},"content":{"rendered":"<p>HASEKE \u2013 Suriye&#8217;de Kabile ve A\u015firetlerin \u00f6nde gelen \u015fehy, reis ve \u015fahsiyetleri T\u00fcrkiye&#8217;de Recep Tayip Erdo\u011fan rejiminin Halep k\u0131rsal\u0131n\u0131n kuzeyi Afrin B\u00f6lgesine bulundu\u011fu sald\u0131r\u0131y\u0131 keskin bir dille k\u0131nad\u0131.<\/p>\n<p>Kabile ve A\u015firet \u015feyhleri ve \u00f6nde gelenleri yay\u0131nlad\u0131klar\u0131 ortak beyanda; Erdo\u011fan rejiminin \u0130dlib ve daha ba\u015fka b\u00f6lgelerde Kaide \u00d6rg\u00fct\u00fcn\u00fcn Suriye kolu Nusra Cephesi ile direk koordinasyon ve ba\u011flant\u0131lar\u0131na da dikkat \u00e7ekti.<\/p>\n<p>Beyanda gerek Afrin gerek Menbic gerekse Suriye&#8217;nin kuzeyinde yer alan istisnas\u0131z t\u00fcm b\u00f6lgelerin Suriye&#8217;nin ayr\u0131lmaz bir par\u00e7as\u0131 oldu\u011funun alt\u0131 \u00e7izilirken, Suriye&#8217;nin hi\u00e7bir ko\u015ful alt\u0131nda b\u00f6l\u00fcnmesi kabul edilemez bir b\u00fct\u00fcn oldu\u011fu vurguland\u0131.<\/p>\n<p>Beyanda ayn\u0131 zamanda Afrin ba\u015fta olmak \u00fczere Suriye&#8217;nin kuzeyinde Erdo\u011fan rejimi ile ABD aras\u0131ndaki i\u015fbirli\u011fi ve koordinasyona da dikkat \u00e7ekildi.<\/p>\n","protected":false},"excerpt":{"rendered":"<p>HASEKE \u2013 Suriye&#8217;de Kabile ve A\u015firetlerin \u00f6nde gelen \u015fehy, reis ve \u015fahsiyetleri T\u00fcrkiye&#8217;de Recep Tayip Erdo\u011fan rejiminin Halep k\u0131rsal\u0131n\u0131n kuzeyi Afrin B\u00f6lgesine bulundu\u011fu sald\u0131r\u0131y\u0131 keskin bir dille k\u0131nad\u0131. Kabile ve A\u015firet \u015feyhleri ve \u00f6nde gelenleri yay\u0131nlad\u0131klar\u0131 ortak beyanda; Erdo\u011fan rejiminin \u0130dlib ve daha ba\u015fka b\u00f6lgelerde Kaide \u00d6rg\u00fct\u00fcn\u00fcn Suriye kolu Nusra Cephesi ile direk koordinasyon ve &hellip;<\/p>\n","protected":false},"author":1,"featured_media":136081,"comment_status":"closed","ping_status":"closed","sticky":false,"template":"","format":"standard","meta":{"footnotes":""},"categories":[479,17988,2554,2555,478],"tags":[4096,34540,1140,16591,34200,34201,22181,19314],"class_list":["post-136078","post","type-post","status-publish","format-standard","has-post-thumbnail","","category-haberler-yerel","category-son-haberler","category-suriye-ve-dunya","category-suriye-ve-turkiye","category-yerel","tag-afrin","tag-arap-asiretler","tag-haseke","tag-suriye","tag-suriyeli-asiretler","tag-suriyeli-kabileler","tag-suriyeliler","tag-suriyeye-saldiri"],"_links":{"self":[{"href":"https:\/\/archive.sana.sy\/tr\/index.php?rest_route=\/wp\/v2\/posts\/136078","targetHints":{"allow":["GET"]}}],"collection":[{"href":"https:\/\/archive.sana.sy\/tr\/index.php?rest_route=\/wp\/v2\/posts"}],"about":[{"href":"https:\/\/archive.sana.sy\/tr\/index.php?rest_route=\/wp\/v2\/types\/post"}],"author":[{"embeddable":true,"href":"https:\/\/archive.sana.sy\/tr\/index.php?rest_route=\/wp\/v2\/users\/1"}],"replies":[{"embeddable":true,"href":"https:\/\/archive.sana.sy\/tr\/index.php?rest_route=%2Fwp%2Fv2%2Fcomments&post=136078"}],"version-history":[{"count":0,"href":"https:\/\/archive.sana.sy\/tr\/index.php?rest_route=\/wp\/v2\/posts\/136078\/revisions"}],"wp:featuredmedia":[{"embeddable":true,"href":"https:\/\/archive.sana.sy\/tr\/index.php?rest_route=\/wp\/v2\/media\/136081"}],"wp:attachment":[{"href":"https:\/\/archive.sana.sy\/tr\/index.php?rest_route=%2Fwp%2Fv2%2Fmedia&parent=136078"}],"wp:term":[{"taxonomy":"category","embeddable":true,"href":"https:\/\/archive.sana.sy\/tr\/index.php?rest_route=%2Fwp%2Fv2%2Fcategories&post=136078"},{"taxonomy":"post_tag","embeddable":true,"href":"https:\/\/archive.sana.sy\/tr\/index.php?rest_route=%2Fwp%2Fv2%2Ftags&post=136078"}],"curies":[{"name":"wp","href":"https:\/\/api.w.org\/{rel}","templated":true}]}}