{"id":136204,"date":"2018-01-22T16:33:38","date_gmt":"2018-01-22T14:33:38","guid":{"rendered":"https:\/\/www.sana.sy\/tr\/?p=136204"},"modified":"2018-01-23T11:59:25","modified_gmt":"2018-01-23T09:59:25","slug":"erdogan-rejimi-tum-insanliga-karsi-dusmanligini-gosteriyor","status":"publish","type":"post","link":"https:\/\/archive.sana.sy\/tr\/?p=136204","title":{"rendered":"Erdo\u011fan Rejimi T\u00fcm \u0130nsanl\u0131\u011fa Kar\u015f\u0131 D\u00fc\u015fmanl\u0131\u011f\u0131n\u0131 G\u00f6steriyor"},"content":{"rendered":"<p>\u015eAM \u2013 Halk Meclisi bug\u00fcn, Erdo\u011fan rejiminin Suriye&#8217;nin Afrin Kentine bulundu\u011fu \u00e7irkef sald\u0131r\u0131y\u0131 keskin bir dille k\u0131narken, Uluslararas\u0131 Parlamentolar Birli\u011fi ve \u0130slam \u0130\u015fbirli\u011fi Te\u015fkilat\u0131 Parlamentolar Birli\u011finden bu sald\u0131r\u0131y\u0131 k\u0131namalar\u0131n\u0131 talep etti.<\/p>\n<p>Halk Meclisi Ba\u015fkan\u0131 Hammuda Sabba\u011f meclis oturumunda okudu\u011fu beyanda; Erdo\u011fan rejiminin Suriye&#8217;nin Afrin Kentine bulundu\u011fu bu sald\u0131r\u0131 ile T\u00fcrkiye\u2019yi bir kez daha ter\u00f6r, \u00f6ld\u00fcrme, y\u0131kma ve uluslar aras\u0131 kanunlar\u0131 ihlal etmeye s\u00fcr\u00fckledi\u011finin alt\u0131n\u0131 \u00e7izdi.<\/p>\n<p><a href=\"https:\/\/www.sana.sy\/tr\/wp-content\/uploads\/2018\/01\/m.jpg\"><img loading=\"lazy\" decoding=\"async\" class=\"alignright wp-image-136210 size-medium\" src=\"https:\/\/www.sana.sy\/tr\/wp-content\/uploads\/2018\/01\/m-300x200.jpg\" alt=\"\" width=\"300\" height=\"200\" srcset=\"https:\/\/archive.sana.sy\/tr\/wp-content\/uploads\/2018\/01\/m-300x200.jpg 300w, https:\/\/archive.sana.sy\/tr\/wp-content\/uploads\/2018\/01\/m-150x100.jpg 150w, https:\/\/archive.sana.sy\/tr\/wp-content\/uploads\/2018\/01\/m-768x511.jpg 768w, https:\/\/archive.sana.sy\/tr\/wp-content\/uploads\/2018\/01\/m-1024x681.jpg 1024w\" sizes=\"auto, (max-width: 300px) 100vw, 300px\" \/><\/a>Sabba\u011f Erdo\u011fan rejiminin Suriye ve halk\u0131na kar\u015f\u0131 bu d\u00fc\u015fmanc\u0131 sald\u0131r\u0131lar\u0131n\u0131n bu rejimin t\u00fcm insanl\u0131\u011fa d\u00fc\u015fmanl\u0131\u011f\u0131n\u0131 net bir \u015fekilde ortaya koydu\u011funu, ayn\u0131 zamanda b\u00f6lge ve halklar\u0131n\u0131n istikrar\u0131n\u0131 sabote etme \u0131srar\u0131n\u0131 da yans\u0131tt\u0131\u011f\u0131n\u0131 vurgulad\u0131.<\/p>\n<p>Erdo\u011fan rejiminin radikal ter\u00f6re muhtelif t\u00fcr deste\u011fine dikkat \u00e7eken Sabba\u011f; b\u00f6ylelikle Suriye&#8217;de istikrar ve gerginlikten mahrum bir b\u00f6lgenin kalmas\u0131na, orada da planlar\u0131n\u0131 hayata ge\u00e7irme \u00e7abas\u0131nda oldu\u011funa i\u015faret etti.<\/p>\n<p>Sabba\u011f Erdo\u011fan rejiminin bu sald\u0131r\u0131s\u0131n\u0131n t\u00fcm uluslararas\u0131 toplum taraf\u0131ndan k\u0131nanmas\u0131 gerekti\u011fini, d\u00fcnya parlamentolar\u0131n\u0131n h\u00fck\u00fcmetlerine bu y\u00f6nde bask\u0131 uygulamalar\u0131 gerekti\u011fini ifade etti.<\/p>\n","protected":false},"excerpt":{"rendered":"<p>\u015eAM \u2013 Halk Meclisi bug\u00fcn, Erdo\u011fan rejiminin Suriye&#8217;nin Afrin Kentine bulundu\u011fu \u00e7irkef sald\u0131r\u0131y\u0131 keskin bir dille k\u0131narken, Uluslararas\u0131 Parlamentolar Birli\u011fi ve \u0130slam \u0130\u015fbirli\u011fi Te\u015fkilat\u0131 Parlamentolar Birli\u011finden bu sald\u0131r\u0131y\u0131 k\u0131namalar\u0131n\u0131 talep etti. Halk Meclisi Ba\u015fkan\u0131 Hammuda Sabba\u011f meclis oturumunda okudu\u011fu beyanda; Erdo\u011fan rejiminin Suriye&#8217;nin Afrin Kentine bulundu\u011fu bu sald\u0131r\u0131 ile T\u00fcrkiye\u2019yi bir kez daha ter\u00f6r, \u00f6ld\u00fcrme, &hellip;<\/p>\n","protected":false},"author":1,"featured_media":136212,"comment_status":"closed","ping_status":"closed","sticky":false,"template":"","format":"standard","meta":{"footnotes":""},"categories":[479,17988,2554,2555,478],"tags":[4096,32556,34556],"class_list":["post-136204","post","type-post","status-publish","format-standard","has-post-thumbnail","","category-haberler-yerel","category-son-haberler","category-suriye-ve-dunya","category-suriye-ve-turkiye","category-yerel","tag-afrin","tag-hammuda-sabbag","tag-katil-erdogan-rejime"],"_links":{"self":[{"href":"https:\/\/archive.sana.sy\/tr\/index.php?rest_route=\/wp\/v2\/posts\/136204","targetHints":{"allow":["GET"]}}],"collection":[{"href":"https:\/\/archive.sana.sy\/tr\/index.php?rest_route=\/wp\/v2\/posts"}],"about":[{"href":"https:\/\/archive.sana.sy\/tr\/index.php?rest_route=\/wp\/v2\/types\/post"}],"author":[{"embeddable":true,"href":"https:\/\/archive.sana.sy\/tr\/index.php?rest_route=\/wp\/v2\/users\/1"}],"replies":[{"embeddable":true,"href":"https:\/\/archive.sana.sy\/tr\/index.php?rest_route=%2Fwp%2Fv2%2Fcomments&post=136204"}],"version-history":[{"count":0,"href":"https:\/\/archive.sana.sy\/tr\/index.php?rest_route=\/wp\/v2\/posts\/136204\/revisions"}],"wp:featuredmedia":[{"embeddable":true,"href":"https:\/\/archive.sana.sy\/tr\/index.php?rest_route=\/wp\/v2\/media\/136212"}],"wp:attachment":[{"href":"https:\/\/archive.sana.sy\/tr\/index.php?rest_route=%2Fwp%2Fv2%2Fmedia&parent=136204"}],"wp:term":[{"taxonomy":"category","embeddable":true,"href":"https:\/\/archive.sana.sy\/tr\/index.php?rest_route=%2Fwp%2Fv2%2Fcategories&post=136204"},{"taxonomy":"post_tag","embeddable":true,"href":"https:\/\/archive.sana.sy\/tr\/index.php?rest_route=%2Fwp%2Fv2%2Ftags&post=136204"}],"curies":[{"name":"wp","href":"https:\/\/api.w.org\/{rel}","templated":true}]}}