{"id":136205,"date":"2018-01-22T16:52:34","date_gmt":"2018-01-22T14:52:34","guid":{"rendered":"https:\/\/www.sana.sy\/tr\/?p=136205"},"modified":"2018-01-23T15:22:21","modified_gmt":"2018-01-23T13:22:21","slug":"once-montaj-sonra-uretime-baslayacak","status":"publish","type":"post","link":"https:\/\/archive.sana.sy\/tr\/?p=136205","title":{"rendered":"\u00d6nce Montaj Sonra \u00dcretime Ba\u015flayacak"},"content":{"rendered":"<p>\u015eAM \u2013 Sanayi Bakan\u0131 Muhammed Mazin Yusuf \u00c7inli a\u011f\u0131r makine sanayi \u015firketi Sany temsilcileri ve Ortado\u011fu temsilcisi ile Suriye&#8217;de \u015firketin b\u00f6lgesel destek merkezinin kurulmas\u0131nda ortak \u00e7al\u0131\u015fmalar\u0131 inceledi.<\/p>\n<p>Toplant\u0131da s\u00f6z konusu merkezin ilk s\u00fcre\u00e7te \u015firketin t\u00fcm Ortado\u011fu B\u00f6lgesine ithal g\u00f6nderdi\u011fi makineleri onarma, ard\u0131ndan bu makinelerin tam montaj\u0131n\u0131 yapma ve daha sonra da tamam\u0131n\u0131<\/p>\n<figure id=\"attachment_136225\" aria-describedby=\"caption-attachment-136225\" style=\"width: 300px\" class=\"wp-caption alignright\"><a href=\"https:\/\/www.sana.sy\/tr\/wp-content\/uploads\/2018\/01\/1-172.jpg\"><img loading=\"lazy\" decoding=\"async\" class=\"wp-image-136225 size-medium\" src=\"https:\/\/www.sana.sy\/tr\/wp-content\/uploads\/2018\/01\/1-172-300x201.jpg\" alt=\"\" width=\"300\" height=\"201\" srcset=\"https:\/\/archive.sana.sy\/tr\/wp-content\/uploads\/2018\/01\/1-172-300x201.jpg 300w, https:\/\/archive.sana.sy\/tr\/wp-content\/uploads\/2018\/01\/1-172-150x100.jpg 150w, https:\/\/archive.sana.sy\/tr\/wp-content\/uploads\/2018\/01\/1-172-110x75.jpg 110w, https:\/\/archive.sana.sy\/tr\/wp-content\/uploads\/2018\/01\/1-172.jpg 738w\" sizes=\"auto, (max-width: 300px) 100vw, 300px\" \/><\/a><figcaption id=\"caption-attachment-136225\" class=\"wp-caption-text\">????????????????????????????????????<\/figcaption><\/figure>\n<p>burada \u00fcretme \u00e7al\u0131\u015fmalar\u0131nda bulunmas\u0131 \u00fczerine odaklan\u0131ld\u0131.<\/p>\n<p>\u0130ki taraf ayn\u0131 zamanda r\u00fczgar enerjisinde uzman ortak bir \u015firketin kurulmas\u0131 olanaklar\u0131 \u00fczerinde de odakland\u0131.<\/p>\n<p>\u015eirket temsilcileri \u015firketin Suriye&#8217;de yeniden yap\u0131lanma s\u00fcrecine etkin bir \u015fekilde kat\u0131lma arzusunu ifade ederken, bu s\u00fcre\u00e7 i\u00e7inde gerekli her deste\u011fi temin etmeye haz\u0131r oldu\u011funu kaydetti.<\/p>\n","protected":false},"excerpt":{"rendered":"<p>\u015eAM \u2013 Sanayi Bakan\u0131 Muhammed Mazin Yusuf \u00c7inli a\u011f\u0131r makine sanayi \u015firketi Sany temsilcileri ve Ortado\u011fu temsilcisi ile Suriye&#8217;de \u015firketin b\u00f6lgesel destek merkezinin kurulmas\u0131nda ortak \u00e7al\u0131\u015fmalar\u0131 inceledi. Toplant\u0131da s\u00f6z konusu merkezin ilk s\u00fcre\u00e7te \u015firketin t\u00fcm Ortado\u011fu B\u00f6lgesine ithal g\u00f6nderdi\u011fi makineleri onarma, ard\u0131ndan bu makinelerin tam montaj\u0131n\u0131 yapma ve daha sonra da tamam\u0131n\u0131 burada \u00fcretme \u00e7al\u0131\u015fmalar\u0131nda &hellip;<\/p>\n","protected":false},"author":1,"featured_media":136224,"comment_status":"closed","ping_status":"closed","sticky":false,"template":"","format":"standard","meta":{"footnotes":""},"categories":[485,486,17988],"tags":[34558,34557,2755,22367,16591,22181],"class_list":["post-136205","post","type-post","status-publish","format-standard","has-post-thumbnail","","category-is-ve-sermaye","category-haberler-is-ve-sermaye","category-son-haberler","tag-cin-sirketi-sany","tag-muhammed-mazin-yusuf","tag-sam","tag-sanayi-bakanligi","tag-suriye","tag-suriyeliler"],"_links":{"self":[{"href":"https:\/\/archive.sana.sy\/tr\/index.php?rest_route=\/wp\/v2\/posts\/136205","targetHints":{"allow":["GET"]}}],"collection":[{"href":"https:\/\/archive.sana.sy\/tr\/index.php?rest_route=\/wp\/v2\/posts"}],"about":[{"href":"https:\/\/archive.sana.sy\/tr\/index.php?rest_route=\/wp\/v2\/types\/post"}],"author":[{"embeddable":true,"href":"https:\/\/archive.sana.sy\/tr\/index.php?rest_route=\/wp\/v2\/users\/1"}],"replies":[{"embeddable":true,"href":"https:\/\/archive.sana.sy\/tr\/index.php?rest_route=%2Fwp%2Fv2%2Fcomments&post=136205"}],"version-history":[{"count":0,"href":"https:\/\/archive.sana.sy\/tr\/index.php?rest_route=\/wp\/v2\/posts\/136205\/revisions"}],"wp:featuredmedia":[{"embeddable":true,"href":"https:\/\/archive.sana.sy\/tr\/index.php?rest_route=\/wp\/v2\/media\/136224"}],"wp:attachment":[{"href":"https:\/\/archive.sana.sy\/tr\/index.php?rest_route=%2Fwp%2Fv2%2Fmedia&parent=136205"}],"wp:term":[{"taxonomy":"category","embeddable":true,"href":"https:\/\/archive.sana.sy\/tr\/index.php?rest_route=%2Fwp%2Fv2%2Fcategories&post=136205"},{"taxonomy":"post_tag","embeddable":true,"href":"https:\/\/archive.sana.sy\/tr\/index.php?rest_route=%2Fwp%2Fv2%2Ftags&post=136205"}],"curies":[{"name":"wp","href":"https:\/\/api.w.org\/{rel}","templated":true}]}}