{"id":136508,"date":"2018-01-26T15:06:19","date_gmt":"2018-01-26T13:06:19","guid":{"rendered":"https:\/\/www.sana.sy\/tr\/?p=136508"},"modified":"2018-01-26T15:15:11","modified_gmt":"2018-01-26T13:15:11","slug":"cenevre-gorusmelerinin-devami-olarak-viyanada-suriyeliler-arasi-yapilan-diyalog-gorusmelerinde-bessar-el-caferi-baskanligindaki-suriye-heyeti-bm-suriye-ozel-temsilcisi-staffan-de-mistura-ile","status":"publish","type":"post","link":"https:\/\/archive.sana.sy\/tr\/?p=136508","title":{"rendered":"Cenevre g\u00f6r\u00fc\u015fmelerinin devam\u0131 olarak Viyana\u2019da Suriyeliler aras\u0131 yap\u0131lan diyalog g\u00f6r\u00fc\u015fmelerinde Be\u015f\u015far el Caferi ba\u015fkanl\u0131\u011f\u0131ndaki Suriye heyeti BM Suriye \u00f6zel temsilcisi Staffan de Mistura ile ikinci toplant\u0131s\u0131n\u0131 ger\u00e7ekle\u015ftirmek \u00fczere Viyana\u2019da BM binas\u0131na ula\u015ft\u0131"},"content":{"rendered":"<p>Cenevre g\u00f6r\u00fc\u015fmelerinin devam\u0131 olarak Viyana\u2019da Suriyeliler aras\u0131 yap\u0131lan diyalog g\u00f6r\u00fc\u015fmelerinde Be\u015f\u015far el Caferi ba\u015fkanl\u0131\u011f\u0131ndaki Suriye heyeti BM Suriye \u00f6zel temsilcisi Staffan de Mistura ile ikinci toplant\u0131s\u0131n\u0131 ger\u00e7ekle\u015ftirmek \u00fczere Viyana\u2019da BM binas\u0131na ula\u015ft\u0131<\/p>\n","protected":false},"excerpt":{"rendered":"<p>Cenevre g\u00f6r\u00fc\u015fmelerinin devam\u0131 olarak Viyana\u2019da Suriyeliler aras\u0131 yap\u0131lan diyalog g\u00f6r\u00fc\u015fmelerinde Be\u015f\u015far el Caferi ba\u015fkanl\u0131\u011f\u0131ndaki Suriye heyeti BM Suriye \u00f6zel temsilcisi Staffan de Mistura ile ikinci toplant\u0131s\u0131n\u0131 ger\u00e7ekle\u015ftirmek \u00fczere Viyana\u2019da BM binas\u0131na ula\u015ft\u0131<\/p>\n","protected":false},"author":1,"featured_media":0,"comment_status":"closed","ping_status":"closed","sticky":false,"template":"","format":"standard","meta":{"footnotes":""},"categories":[17991],"tags":[],"class_list":["post-136508","post","type-post","status-publish","format-standard","","category-son-dakika"],"_links":{"self":[{"href":"https:\/\/archive.sana.sy\/tr\/index.php?rest_route=\/wp\/v2\/posts\/136508","targetHints":{"allow":["GET"]}}],"collection":[{"href":"https:\/\/archive.sana.sy\/tr\/index.php?rest_route=\/wp\/v2\/posts"}],"about":[{"href":"https:\/\/archive.sana.sy\/tr\/index.php?rest_route=\/wp\/v2\/types\/post"}],"author":[{"embeddable":true,"href":"https:\/\/archive.sana.sy\/tr\/index.php?rest_route=\/wp\/v2\/users\/1"}],"replies":[{"embeddable":true,"href":"https:\/\/archive.sana.sy\/tr\/index.php?rest_route=%2Fwp%2Fv2%2Fcomments&post=136508"}],"version-history":[{"count":0,"href":"https:\/\/archive.sana.sy\/tr\/index.php?rest_route=\/wp\/v2\/posts\/136508\/revisions"}],"wp:attachment":[{"href":"https:\/\/archive.sana.sy\/tr\/index.php?rest_route=%2Fwp%2Fv2%2Fmedia&parent=136508"}],"wp:term":[{"taxonomy":"category","embeddable":true,"href":"https:\/\/archive.sana.sy\/tr\/index.php?rest_route=%2Fwp%2Fv2%2Fcategories&post=136508"},{"taxonomy":"post_tag","embeddable":true,"href":"https:\/\/archive.sana.sy\/tr\/index.php?rest_route=%2Fwp%2Fv2%2Ftags&post=136508"}],"curies":[{"name":"wp","href":"https:\/\/api.w.org\/{rel}","templated":true}]}}