{"id":136513,"date":"2018-01-26T15:33:31","date_gmt":"2018-01-26T13:33:31","guid":{"rendered":"https:\/\/www.sana.sy\/tr\/?p=136513"},"modified":"2018-01-27T12:58:46","modified_gmt":"2018-01-27T10:58:46","slug":"suriye-heyeti-de-mistura-ile-gorusuyor-8","status":"publish","type":"post","link":"https:\/\/archive.sana.sy\/tr\/?p=136513","title":{"rendered":"Caferi: So\u00e7i Konferans\u0131 Suriyeliler Aras\u0131 Diyalog G\u00f6r\u00fc\u015fmelerinin Sonu\u00e7lar\u0131n\u0131 Kaps\u0131yacakt\u0131r"},"content":{"rendered":"<p>V\u0130YANA \u2013 Viyana g\u00f6r\u00fc\u015fmelerinde Suriye heyeti ba\u015fkan\u0131 Be\u015f\u015far el Caferi 29 ila 30 Ocak tarihlerinde So\u00e7i\u2019de yap\u0131lacak Suriye ulusal diyalog konferans\u0131n\u0131n yakla\u015fmas\u0131yla heyetin BM Suriye \u00f6zel temsilcisi Staffan de Mist\u0131ra ile m\u00fcmk\u00fcn oldu\u011funca yap\u0131c\u0131 g\u00f6r\u00fc\u015fmelerde bulundu\u011funu belirtti.<\/p>\n<p>Caferi Viyana turunun bitiminde bug\u00fcn yapt\u0131\u011f\u0131 bas\u0131n a\u00e7\u0131klamalar\u0131nda; g\u00f6r\u00fc\u015fmelerin \u00f6zellikle So\u00e7i Konferans\u0131 olmak \u00fczere bir dizi konuya ili\u015fkin soru i\u015faretlerinin giderilmesi a\u00e7\u0131s\u0131ndan f\u0131rsat kullan\u0131ld\u0131\u011f\u0131n\u0131 ifade ederken bu konferansta Suriyeliler aras\u0131 diyalog g\u00f6r\u00fc\u015fmelerinin t\u00fcm sonu\u00e7lar\u0131n\u0131n g\u00f6r\u00fclece\u011fine dikkat \u00e7ekti.<\/p>\n<p>ABD\u2019nin radikal ter\u00f6r \u00f6rg\u00fct\u00fc I\u015e\u0130D\u2019i bizzat kendisi te\u015fkil etti\u011fini ve hala onun lehine Suriye&#8217;de sava\u015ft\u0131\u011f\u0131n\u0131 belirten Caferi; bu durumda ABD\u2019nin Suriye&#8217;de siyasi \u00e7\u00f6z\u00fcmden s\u00f6z etmesinin mant\u0131kl\u0131 olmad\u0131\u011f\u0131n\u0131 kaydetti. Caferi \u0130ngiltere ve Fransa\u2019n\u0131n da ABD\u2019nin k\u00f6r politikas\u0131n\u0131 k\u00f6rcesine izlediklerine i\u015faret ederken dolay\u0131s\u0131yla ikisinin de Suriye&#8217;de siyasi \u00e7\u00f6z\u00fcm i\u00e7in \u00e7aba harcad\u0131klar\u0131n\u0131 iddia etmelerinin bile mant\u0131kl\u0131 olmad\u0131\u011f\u0131n\u0131 s\u00f6yledi.<\/p>\n<p>Suudi Arabistan konusunda ise Caferi; gerici ve yobaz bir rejimin Suriye i\u00e7in nas\u0131l bir anayasa belirleyebilece\u011fine i\u015faret ederken bu rejimin anayasa, demokrasi ya da benzeri kavramlardan anlayamayaca\u011f\u0131n\u0131 kaydetti.<\/p>\n<p>Cenevre s\u00fcrecini s\u00f6zde canland\u0131rma ama\u00e7l\u0131 olarak \u00f6ne s\u00fcr\u00fclen gayr\u0131 resmi ka\u011f\u0131t konusunda ise Caferi; bunun kesinlikle kabul edilemez oldu\u011funu, yaz\u0131ld\u0131\u011f\u0131 m\u00fcrekkep de\u011ferinde bile bir \u00f6nemi olmad\u0131\u011f\u0131n\u0131 ifade etti. Gayr\u0131 resmi bir belge haz\u0131rlayan\u0131n ayn\u0131 zamanda sorumsuz bir \u015fekilde davrand\u0131\u011f\u0131n\u0131 da belirten Caferi, Cenevre s\u00fcrecini canland\u0131rma yerine onun \u00f6ld\u00fc\u011f\u00fcn\u00fc g\u00f6sterdi\u011fini ifade etti.<\/p>\n<p>Suriye heyeti ba\u015fkan\u0131 Caferi; Viyana g\u00f6r\u00fc\u015fmelerinin yap\u0131ld\u0131\u011f\u0131 zamana denk olarak Suriye&#8217;de kanlar\u0131n ak\u0131t\u0131lmas\u0131 su\u00e7unda ortak olan devletlerin \u2018Cenevre s\u00fcrecini canland\u0131rma\u2019 bahanesi alt\u0131nda bu gibi gayr\u0131 resmi bir ka\u011f\u0131d\u0131 kas\u0131tl\u0131 olarak s\u0131zd\u0131rmalar\u0131n\u0131n kesinlikle tesad\u00fcf olmad\u0131\u011f\u0131na dikkat \u00e7ekti.<\/p>\n<p>Suriyeliler aras\u0131 yap\u0131lan diyalog g\u00f6r\u00fc\u015fmelerinde Caferi ba\u015fkanl\u0131\u011f\u0131ndaki Suriye heyeti BM Suriye \u00f6zel temsilcisi Staffan de Mistura ile Avusturya\u2019n\u0131n ba\u015fkenti Viyana\u2019da BM binas\u0131nda bug\u00fcn ikinci toplant\u0131s\u0131n\u0131 d\u00fczenlemi\u015fti.<\/p>\n<p>Cenevre g\u00f6r\u00fc\u015fmelerinin devam\u0131 olarak Viyana\u2019da yap\u0131lan Suriyeliler aras\u0131 diyalog g\u00f6r\u00fc\u015fmelerinde Suriye heyeti g\u00f6r\u00fc\u015fmelerin ilk g\u00fcn\u00fc d\u00fcn ise de Mistura ile yine BM binas\u0131nda bir toplant\u0131 ger\u00e7ekle\u015ftirmi\u015fti. Suriye heyeti ayn\u0131 zamanda Rusya D\u0131\u015fi\u015fleri Bakanl\u0131\u011f\u0131nda Ortado\u011fu ve Kuzey Afrika Departman\u0131 M\u00fcd\u00fcr\u00fc Sergey Vershinin ve BM\u2019nin Viyana ofisinin y\u00fcr\u00fctme ofis m\u00fcd\u00fcr\u00fc Yury Fedotov ile ayr\u0131 ayr\u0131 iki toplant\u0131da bulunmu\u015ftu.<\/p>\n","protected":false},"excerpt":{"rendered":"<p>V\u0130YANA \u2013 Viyana g\u00f6r\u00fc\u015fmelerinde Suriye heyeti ba\u015fkan\u0131 Be\u015f\u015far el Caferi 29 ila 30 Ocak tarihlerinde So\u00e7i\u2019de yap\u0131lacak Suriye ulusal diyalog konferans\u0131n\u0131n yakla\u015fmas\u0131yla heyetin BM Suriye \u00f6zel temsilcisi Staffan de Mist\u0131ra ile m\u00fcmk\u00fcn oldu\u011funca yap\u0131c\u0131 g\u00f6r\u00fc\u015fmelerde bulundu\u011funu belirtti. Caferi Viyana turunun bitiminde bug\u00fcn yapt\u0131\u011f\u0131 bas\u0131n a\u00e7\u0131klamalar\u0131nda; g\u00f6r\u00fc\u015fmelerin \u00f6zellikle So\u00e7i Konferans\u0131 olmak \u00fczere bir dizi konuya ili\u015fkin &hellip;<\/p>\n","protected":false},"author":1,"featured_media":136564,"comment_status":"closed","ping_status":"closed","sticky":false,"template":"","format":"standard","meta":{"footnotes":""},"categories":[458,459,17988],"tags":[18867,5730,18472,16591,22181,17502],"class_list":["post-136513","post","type-post","status-publish","format-standard","has-post-thumbnail","","category-dunya1","category-haberler-arap-uluslararasi-politika","category-son-haberler","tag-bessar-el-caferi","tag-bm","tag-staffan-de-mistura","tag-suriye","tag-suriyeliler","tag-viyana"],"_links":{"self":[{"href":"https:\/\/archive.sana.sy\/tr\/index.php?rest_route=\/wp\/v2\/posts\/136513","targetHints":{"allow":["GET"]}}],"collection":[{"href":"https:\/\/archive.sana.sy\/tr\/index.php?rest_route=\/wp\/v2\/posts"}],"about":[{"href":"https:\/\/archive.sana.sy\/tr\/index.php?rest_route=\/wp\/v2\/types\/post"}],"author":[{"embeddable":true,"href":"https:\/\/archive.sana.sy\/tr\/index.php?rest_route=\/wp\/v2\/users\/1"}],"replies":[{"embeddable":true,"href":"https:\/\/archive.sana.sy\/tr\/index.php?rest_route=%2Fwp%2Fv2%2Fcomments&post=136513"}],"version-history":[{"count":0,"href":"https:\/\/archive.sana.sy\/tr\/index.php?rest_route=\/wp\/v2\/posts\/136513\/revisions"}],"wp:featuredmedia":[{"embeddable":true,"href":"https:\/\/archive.sana.sy\/tr\/index.php?rest_route=\/wp\/v2\/media\/136564"}],"wp:attachment":[{"href":"https:\/\/archive.sana.sy\/tr\/index.php?rest_route=%2Fwp%2Fv2%2Fmedia&parent=136513"}],"wp:term":[{"taxonomy":"category","embeddable":true,"href":"https:\/\/archive.sana.sy\/tr\/index.php?rest_route=%2Fwp%2Fv2%2Fcategories&post=136513"},{"taxonomy":"post_tag","embeddable":true,"href":"https:\/\/archive.sana.sy\/tr\/index.php?rest_route=%2Fwp%2Fv2%2Ftags&post=136513"}],"curies":[{"name":"wp","href":"https:\/\/api.w.org\/{rel}","templated":true}]}}