{"id":136537,"date":"2018-01-26T17:20:45","date_gmt":"2018-01-26T15:20:45","guid":{"rendered":"https:\/\/www.sana.sy\/tr\/?p=136537"},"modified":"2018-01-28T09:41:00","modified_gmt":"2018-01-28T07:41:00","slug":"erdogan-rejiminin-afrine-saldirisi-toplanti-gundeminde-yer-aldi","status":"publish","type":"post","link":"https:\/\/archive.sana.sy\/tr\/?p=136537","title":{"rendered":"Erdo\u011fan Rejiminin Afrin\u2019e Sald\u0131r\u0131s\u0131 Toplant\u0131 G\u00fcndeminde Yer Ald\u0131"},"content":{"rendered":"<p>MOSKOVA \u2013 Rusya Ba\u015fkan\u0131 Vladimir Putin Rusya G\u00fcvenlik Konseyi ile toplant\u0131s\u0131nda bug\u00fcn So\u00e7i\u2019de yap\u0131lmas\u0131 beklenen Suriye Ulusal Diyalog Konferans\u0131na haz\u0131rl\u0131klar ve Erdo\u011fan rejiminin Suriye&#8217;nin Afrin B\u00f6lgesine bulundu\u011fu sald\u0131r\u0131 meselesini g\u00f6r\u00fc\u015ft\u00fc.<\/p>\n<p>Kremlinin s\u00f6zc\u00fcs\u00fc Dmitry Peskov toplant\u0131da So\u00e7i Konferans\u0131 i\u00e7in yap\u0131lan haz\u0131rl\u0131klara odaklan\u0131ld\u0131\u011f\u0131n\u0131 belirtirken, Erdo\u011fan rejiminin Afrin b\u00f6lgesine sald\u0131r\u0131s\u0131n\u0131n da ele al\u0131nd\u0131\u011f\u0131n\u0131 belirtti.<\/p>\n<p>Peskov toplant\u0131da Putin\u2019in Rusya G\u00fcvenlik Konseyi daimi \u00fcyelerine birka\u00e7 g\u00fcn \u00f6nce kendisi ile T\u00fcrkiye rejimi ba\u015fkan\u0131 Recep Tayip Erdo\u011fan aras\u0131nda yap\u0131lan telefon g\u00f6r\u00fc\u015fmesinin i\u00e7eri\u011fi hakk\u0131nda bilgi verdi\u011fini s\u00f6yledi.<\/p>\n","protected":false},"excerpt":{"rendered":"<p>MOSKOVA \u2013 Rusya Ba\u015fkan\u0131 Vladimir Putin Rusya G\u00fcvenlik Konseyi ile toplant\u0131s\u0131nda bug\u00fcn So\u00e7i\u2019de yap\u0131lmas\u0131 beklenen Suriye Ulusal Diyalog Konferans\u0131na haz\u0131rl\u0131klar ve Erdo\u011fan rejiminin Suriye&#8217;nin Afrin B\u00f6lgesine bulundu\u011fu sald\u0131r\u0131 meselesini g\u00f6r\u00fc\u015ft\u00fc. Kremlinin s\u00f6zc\u00fcs\u00fc Dmitry Peskov toplant\u0131da So\u00e7i Konferans\u0131 i\u00e7in yap\u0131lan haz\u0131rl\u0131klara odaklan\u0131ld\u0131\u011f\u0131n\u0131 belirtirken, Erdo\u011fan rejiminin Afrin b\u00f6lgesine sald\u0131r\u0131s\u0131n\u0131n da ele al\u0131nd\u0131\u011f\u0131n\u0131 belirtti. Peskov toplant\u0131da Putin\u2019in Rusya &hellip;<\/p>\n","protected":false},"author":1,"featured_media":136538,"comment_status":"closed","ping_status":"closed","sticky":false,"template":"","format":"standard","meta":{"footnotes":""},"categories":[458,459,17988],"tags":[17033,17036,16592,34050,16591,22181,16744],"class_list":["post-136537","post","type-post","status-publish","format-standard","has-post-thumbnail","","category-dunya1","category-haberler-arap-uluslararasi-politika","category-son-haberler","tag-dmitry-peskov","tag-moskova","tag-rusya","tag-rusya-guvenlik-konseyi","tag-suriye","tag-suriyeliler","tag-vladimir-putin"],"_links":{"self":[{"href":"https:\/\/archive.sana.sy\/tr\/index.php?rest_route=\/wp\/v2\/posts\/136537","targetHints":{"allow":["GET"]}}],"collection":[{"href":"https:\/\/archive.sana.sy\/tr\/index.php?rest_route=\/wp\/v2\/posts"}],"about":[{"href":"https:\/\/archive.sana.sy\/tr\/index.php?rest_route=\/wp\/v2\/types\/post"}],"author":[{"embeddable":true,"href":"https:\/\/archive.sana.sy\/tr\/index.php?rest_route=\/wp\/v2\/users\/1"}],"replies":[{"embeddable":true,"href":"https:\/\/archive.sana.sy\/tr\/index.php?rest_route=%2Fwp%2Fv2%2Fcomments&post=136537"}],"version-history":[{"count":0,"href":"https:\/\/archive.sana.sy\/tr\/index.php?rest_route=\/wp\/v2\/posts\/136537\/revisions"}],"wp:featuredmedia":[{"embeddable":true,"href":"https:\/\/archive.sana.sy\/tr\/index.php?rest_route=\/wp\/v2\/media\/136538"}],"wp:attachment":[{"href":"https:\/\/archive.sana.sy\/tr\/index.php?rest_route=%2Fwp%2Fv2%2Fmedia&parent=136537"}],"wp:term":[{"taxonomy":"category","embeddable":true,"href":"https:\/\/archive.sana.sy\/tr\/index.php?rest_route=%2Fwp%2Fv2%2Fcategories&post=136537"},{"taxonomy":"post_tag","embeddable":true,"href":"https:\/\/archive.sana.sy\/tr\/index.php?rest_route=%2Fwp%2Fv2%2Ftags&post=136537"}],"curies":[{"name":"wp","href":"https:\/\/api.w.org\/{rel}","templated":true}]}}