{"id":136543,"date":"2018-01-26T17:26:52","date_gmt":"2018-01-26T15:26:52","guid":{"rendered":"https:\/\/www.sana.sy\/tr\/?p=136543"},"modified":"2018-01-26T17:35:45","modified_gmt":"2018-01-26T15:35:45","slug":"viyana-gorusmelerinde-suriye-heyeti-baskani-bessar-el-caferi-duzenledigi-basin-toplantisinda-heyetin-bm-suriye-ozel-temsilcisi-staffan-de-mistira-ile-mumkun-oldugunca-yapici-gorusmelerde-bulundugunu","status":"publish","type":"post","link":"https:\/\/archive.sana.sy\/tr\/?p=136543","title":{"rendered":"Viyana g\u00f6r\u00fc\u015fmelerinde Suriye heyeti ba\u015fkan\u0131 Be\u015f\u015far el Caferi d\u00fczenledi\u011fi bas\u0131n toplant\u0131s\u0131nda; heyetin BM Suriye \u00f6zel temsilcisi Staffan de Mist\u0131ra ile m\u00fcmk\u00fcn oldu\u011funca yap\u0131c\u0131 g\u00f6r\u00fc\u015fmelerde bulundu\u011funu belirtti"},"content":{"rendered":"<p>Viyana g\u00f6r\u00fc\u015fmelerinde Suriye heyeti ba\u015fkan\u0131 Be\u015f\u015far el Caferi d\u00fczenledi\u011fi bas\u0131n toplant\u0131s\u0131nda; heyetin BM Suriye \u00f6zel temsilcisi Staffan de Mist\u0131ra ile m\u00fcmk\u00fcn oldu\u011funca yap\u0131c\u0131 g\u00f6r\u00fc\u015fmelerde bulundu\u011funu belirtti<\/p>\n","protected":false},"excerpt":{"rendered":"<p>Viyana g\u00f6r\u00fc\u015fmelerinde Suriye heyeti ba\u015fkan\u0131 Be\u015f\u015far el Caferi d\u00fczenledi\u011fi bas\u0131n toplant\u0131s\u0131nda; heyetin BM Suriye \u00f6zel temsilcisi Staffan de Mist\u0131ra ile m\u00fcmk\u00fcn oldu\u011funca yap\u0131c\u0131 g\u00f6r\u00fc\u015fmelerde bulundu\u011funu belirtti<\/p>\n","protected":false},"author":1,"featured_media":0,"comment_status":"closed","ping_status":"closed","sticky":false,"template":"","format":"standard","meta":{"footnotes":""},"categories":[17991],"tags":[],"class_list":["post-136543","post","type-post","status-publish","format-standard","","category-son-dakika"],"_links":{"self":[{"href":"https:\/\/archive.sana.sy\/tr\/index.php?rest_route=\/wp\/v2\/posts\/136543","targetHints":{"allow":["GET"]}}],"collection":[{"href":"https:\/\/archive.sana.sy\/tr\/index.php?rest_route=\/wp\/v2\/posts"}],"about":[{"href":"https:\/\/archive.sana.sy\/tr\/index.php?rest_route=\/wp\/v2\/types\/post"}],"author":[{"embeddable":true,"href":"https:\/\/archive.sana.sy\/tr\/index.php?rest_route=\/wp\/v2\/users\/1"}],"replies":[{"embeddable":true,"href":"https:\/\/archive.sana.sy\/tr\/index.php?rest_route=%2Fwp%2Fv2%2Fcomments&post=136543"}],"version-history":[{"count":0,"href":"https:\/\/archive.sana.sy\/tr\/index.php?rest_route=\/wp\/v2\/posts\/136543\/revisions"}],"wp:attachment":[{"href":"https:\/\/archive.sana.sy\/tr\/index.php?rest_route=%2Fwp%2Fv2%2Fmedia&parent=136543"}],"wp:term":[{"taxonomy":"category","embeddable":true,"href":"https:\/\/archive.sana.sy\/tr\/index.php?rest_route=%2Fwp%2Fv2%2Fcategories&post=136543"},{"taxonomy":"post_tag","embeddable":true,"href":"https:\/\/archive.sana.sy\/tr\/index.php?rest_route=%2Fwp%2Fv2%2Ftags&post=136543"}],"curies":[{"name":"wp","href":"https:\/\/api.w.org\/{rel}","templated":true}]}}