{"id":136547,"date":"2018-01-26T17:30:52","date_gmt":"2018-01-26T15:30:52","guid":{"rendered":"https:\/\/www.sana.sy\/tr\/?p=136547"},"modified":"2018-01-26T17:40:23","modified_gmt":"2018-01-26T15:40:23","slug":"caferi-gorusmelerin-ozellikle-soci-konferansi-olmak-uzere-bir-dizi-konuya-iliskin-soru-isaretlerinin-giderilmesi-acisindan-firsat-kullanildigini-ifade-ederken-bu-konferansta-suriyeliler-arasi-diyalog","status":"publish","type":"post","link":"https:\/\/archive.sana.sy\/tr\/?p=136547","title":{"rendered":"Caferi g\u00f6r\u00fc\u015fmelerin \u00f6zellikle So\u00e7i Konferans\u0131 olmak \u00fczere bir dizi konuya ili\u015fkin soru i\u015faretlerinin giderilmesi a\u00e7\u0131s\u0131ndan f\u0131rsat kullan\u0131ld\u0131\u011f\u0131n\u0131 ifade ederken bu konferansta Suriyeliler aras\u0131 diyalog g\u00f6r\u00fc\u015fmelerinin t\u00fcm sonu\u00e7lar\u0131n\u0131n g\u00f6r\u00fclece\u011fine dikkat \u00e7ekti."},"content":{"rendered":"<p>Caferi g\u00f6r\u00fc\u015fmelerin \u00f6zellikle So\u00e7i Konferans\u0131 olmak \u00fczere bir dizi konuya ili\u015fkin soru i\u015faretlerinin giderilmesi a\u00e7\u0131s\u0131ndan f\u0131rsat kullan\u0131ld\u0131\u011f\u0131n\u0131 ifade ederken bu konferansta Suriyeliler aras\u0131 diyalog g\u00f6r\u00fc\u015fmelerinin t\u00fcm sonu\u00e7lar\u0131n\u0131n g\u00f6r\u00fclece\u011fine dikkat \u00e7ekti.<\/p>\n","protected":false},"excerpt":{"rendered":"<p>Caferi g\u00f6r\u00fc\u015fmelerin \u00f6zellikle So\u00e7i Konferans\u0131 olmak \u00fczere bir dizi konuya ili\u015fkin soru i\u015faretlerinin giderilmesi a\u00e7\u0131s\u0131ndan f\u0131rsat kullan\u0131ld\u0131\u011f\u0131n\u0131 ifade ederken bu konferansta Suriyeliler aras\u0131 diyalog g\u00f6r\u00fc\u015fmelerinin t\u00fcm sonu\u00e7lar\u0131n\u0131n g\u00f6r\u00fclece\u011fine dikkat \u00e7ekti.<\/p>\n","protected":false},"author":1,"featured_media":0,"comment_status":"closed","ping_status":"closed","sticky":false,"template":"","format":"standard","meta":{"footnotes":""},"categories":[17991],"tags":[],"class_list":["post-136547","post","type-post","status-publish","format-standard","","category-son-dakika"],"_links":{"self":[{"href":"https:\/\/archive.sana.sy\/tr\/index.php?rest_route=\/wp\/v2\/posts\/136547","targetHints":{"allow":["GET"]}}],"collection":[{"href":"https:\/\/archive.sana.sy\/tr\/index.php?rest_route=\/wp\/v2\/posts"}],"about":[{"href":"https:\/\/archive.sana.sy\/tr\/index.php?rest_route=\/wp\/v2\/types\/post"}],"author":[{"embeddable":true,"href":"https:\/\/archive.sana.sy\/tr\/index.php?rest_route=\/wp\/v2\/users\/1"}],"replies":[{"embeddable":true,"href":"https:\/\/archive.sana.sy\/tr\/index.php?rest_route=%2Fwp%2Fv2%2Fcomments&post=136547"}],"version-history":[{"count":0,"href":"https:\/\/archive.sana.sy\/tr\/index.php?rest_route=\/wp\/v2\/posts\/136547\/revisions"}],"wp:attachment":[{"href":"https:\/\/archive.sana.sy\/tr\/index.php?rest_route=%2Fwp%2Fv2%2Fmedia&parent=136547"}],"wp:term":[{"taxonomy":"category","embeddable":true,"href":"https:\/\/archive.sana.sy\/tr\/index.php?rest_route=%2Fwp%2Fv2%2Fcategories&post=136547"},{"taxonomy":"post_tag","embeddable":true,"href":"https:\/\/archive.sana.sy\/tr\/index.php?rest_route=%2Fwp%2Fv2%2Ftags&post=136547"}],"curies":[{"name":"wp","href":"https:\/\/api.w.org\/{rel}","templated":true}]}}