{"id":136548,"date":"2018-01-26T17:32:10","date_gmt":"2018-01-26T15:32:10","guid":{"rendered":"https:\/\/www.sana.sy\/tr\/?p=136548"},"modified":"2018-01-26T17:42:29","modified_gmt":"2018-01-26T15:42:29","slug":"abdnin-radikal-teror-orgutu-isidi-bizzat-kendisi-teskil-ettigini-ve-hala-onun-lehine-suriyede-savastigini-belirten-caferi-bu-durumda-abdnin-suriyede-siyasi-cozumden-soz","status":"publish","type":"post","link":"https:\/\/archive.sana.sy\/tr\/?p=136548","title":{"rendered":"ABD\u2019nin radikal ter\u00f6r \u00f6rg\u00fct\u00fc I\u015e\u0130D\u2019i bizzat kendisi te\u015fkil etti\u011fini ve hala onun lehine Suriye&#8217;de sava\u015ft\u0131\u011f\u0131n\u0131 belirten Caferi; bu durumda ABD\u2019nin Suriye&#8217;de siyasi \u00e7\u00f6z\u00fcmden s\u00f6z etmesinin mant\u0131kl\u0131 olmad\u0131\u011f\u0131n\u0131 kaydetti."},"content":{"rendered":"<p>ABD\u2019nin radikal ter\u00f6r \u00f6rg\u00fct\u00fc I\u015e\u0130D\u2019i bizzat kendisi te\u015fkil etti\u011fini ve hala onun lehine Suriye&#8217;de sava\u015ft\u0131\u011f\u0131n\u0131 belirten Caferi; bu durumda ABD\u2019nin Suriye&#8217;de siyasi \u00e7\u00f6z\u00fcmden s\u00f6z etmesinin mant\u0131kl\u0131 olmad\u0131\u011f\u0131n\u0131 kaydetti.<\/p>\n","protected":false},"excerpt":{"rendered":"<p>ABD\u2019nin radikal ter\u00f6r \u00f6rg\u00fct\u00fc I\u015e\u0130D\u2019i bizzat kendisi te\u015fkil etti\u011fini ve hala onun lehine Suriye&#8217;de sava\u015ft\u0131\u011f\u0131n\u0131 belirten Caferi; bu durumda ABD\u2019nin Suriye&#8217;de siyasi \u00e7\u00f6z\u00fcmden s\u00f6z etmesinin mant\u0131kl\u0131 olmad\u0131\u011f\u0131n\u0131 kaydetti.<\/p>\n","protected":false},"author":1,"featured_media":0,"comment_status":"closed","ping_status":"closed","sticky":false,"template":"","format":"standard","meta":{"footnotes":""},"categories":[17991],"tags":[],"class_list":["post-136548","post","type-post","status-publish","format-standard","","category-son-dakika"],"_links":{"self":[{"href":"https:\/\/archive.sana.sy\/tr\/index.php?rest_route=\/wp\/v2\/posts\/136548","targetHints":{"allow":["GET"]}}],"collection":[{"href":"https:\/\/archive.sana.sy\/tr\/index.php?rest_route=\/wp\/v2\/posts"}],"about":[{"href":"https:\/\/archive.sana.sy\/tr\/index.php?rest_route=\/wp\/v2\/types\/post"}],"author":[{"embeddable":true,"href":"https:\/\/archive.sana.sy\/tr\/index.php?rest_route=\/wp\/v2\/users\/1"}],"replies":[{"embeddable":true,"href":"https:\/\/archive.sana.sy\/tr\/index.php?rest_route=%2Fwp%2Fv2%2Fcomments&post=136548"}],"version-history":[{"count":0,"href":"https:\/\/archive.sana.sy\/tr\/index.php?rest_route=\/wp\/v2\/posts\/136548\/revisions"}],"wp:attachment":[{"href":"https:\/\/archive.sana.sy\/tr\/index.php?rest_route=%2Fwp%2Fv2%2Fmedia&parent=136548"}],"wp:term":[{"taxonomy":"category","embeddable":true,"href":"https:\/\/archive.sana.sy\/tr\/index.php?rest_route=%2Fwp%2Fv2%2Fcategories&post=136548"},{"taxonomy":"post_tag","embeddable":true,"href":"https:\/\/archive.sana.sy\/tr\/index.php?rest_route=%2Fwp%2Fv2%2Ftags&post=136548"}],"curies":[{"name":"wp","href":"https:\/\/api.w.org\/{rel}","templated":true}]}}