{"id":136558,"date":"2018-01-26T17:53:16","date_gmt":"2018-01-26T15:53:16","guid":{"rendered":"https:\/\/www.sana.sy\/tr\/?p=136558"},"modified":"2018-01-26T17:53:16","modified_gmt":"2018-01-26T15:53:16","slug":"gayri-resmi-bir-belge-hazirlayanin-ayni-zamanda-sorumsuz-bir-sekilde-davrandigini-da-belirten-caferi-cenevre-surecini-canlandirma-yerine-onun-oldugunu-gosterdigini-ifade-etti","status":"publish","type":"post","link":"https:\/\/archive.sana.sy\/tr\/?p=136558","title":{"rendered":"Gayr\u0131 resmi bir belge haz\u0131rlayan\u0131n ayn\u0131 zamanda sorumsuz bir \u015fekilde davrand\u0131\u011f\u0131n\u0131 da belirten Caferi, Cenevre s\u00fcrecini canland\u0131rma yerine onun \u00f6ld\u00fc\u011f\u00fcn\u00fc g\u00f6sterdi\u011fini ifade etti."},"content":{"rendered":"<p>Gayr\u0131 resmi bir belge haz\u0131rlayan\u0131n ayn\u0131 zamanda sorumsuz bir \u015fekilde davrand\u0131\u011f\u0131n\u0131 da belirten Caferi, Cenevre s\u00fcrecini canland\u0131rma yerine onun \u00f6ld\u00fc\u011f\u00fcn\u00fc g\u00f6sterdi\u011fini ifade etti.<\/p>\n","protected":false},"excerpt":{"rendered":"<p>Gayr\u0131 resmi bir belge haz\u0131rlayan\u0131n ayn\u0131 zamanda sorumsuz bir \u015fekilde davrand\u0131\u011f\u0131n\u0131 da belirten Caferi, Cenevre s\u00fcrecini canland\u0131rma yerine onun \u00f6ld\u00fc\u011f\u00fcn\u00fc g\u00f6sterdi\u011fini ifade etti.<\/p>\n","protected":false},"author":1,"featured_media":0,"comment_status":"closed","ping_status":"closed","sticky":false,"template":"","format":"standard","meta":{"footnotes":""},"categories":[17991],"tags":[],"class_list":["post-136558","post","type-post","status-publish","format-standard","","category-son-dakika"],"_links":{"self":[{"href":"https:\/\/archive.sana.sy\/tr\/index.php?rest_route=\/wp\/v2\/posts\/136558","targetHints":{"allow":["GET"]}}],"collection":[{"href":"https:\/\/archive.sana.sy\/tr\/index.php?rest_route=\/wp\/v2\/posts"}],"about":[{"href":"https:\/\/archive.sana.sy\/tr\/index.php?rest_route=\/wp\/v2\/types\/post"}],"author":[{"embeddable":true,"href":"https:\/\/archive.sana.sy\/tr\/index.php?rest_route=\/wp\/v2\/users\/1"}],"replies":[{"embeddable":true,"href":"https:\/\/archive.sana.sy\/tr\/index.php?rest_route=%2Fwp%2Fv2%2Fcomments&post=136558"}],"version-history":[{"count":0,"href":"https:\/\/archive.sana.sy\/tr\/index.php?rest_route=\/wp\/v2\/posts\/136558\/revisions"}],"wp:attachment":[{"href":"https:\/\/archive.sana.sy\/tr\/index.php?rest_route=%2Fwp%2Fv2%2Fmedia&parent=136558"}],"wp:term":[{"taxonomy":"category","embeddable":true,"href":"https:\/\/archive.sana.sy\/tr\/index.php?rest_route=%2Fwp%2Fv2%2Fcategories&post=136558"},{"taxonomy":"post_tag","embeddable":true,"href":"https:\/\/archive.sana.sy\/tr\/index.php?rest_route=%2Fwp%2Fv2%2Ftags&post=136558"}],"curies":[{"name":"wp","href":"https:\/\/api.w.org\/{rel}","templated":true}]}}