{"id":136583,"date":"2018-01-27T14:49:20","date_gmt":"2018-01-27T12:49:20","guid":{"rendered":"https:\/\/www.sana.sy\/tr\/?p=136583"},"modified":"2018-01-27T14:49:20","modified_gmt":"2018-01-27T12:49:20","slug":"cumhurbaskani-bessar-el-esad-iran-disisleri-bakaninin-siyasi-isler-bas-yardimcisi-huseyin-cabiri-ansari-ve-suriye-ziyaretinde-ona-eslik-eden-heyeti-kabul-etti","status":"publish","type":"post","link":"https:\/\/archive.sana.sy\/tr\/?p=136583","title":{"rendered":"Cumhurba\u015fkan\u0131 Be\u015f\u015far el Esad \u0130ran D\u0131\u015fi\u015fleri Bakan\u0131n\u0131n siyasi i\u015fler ba\u015f yard\u0131mc\u0131s\u0131 H\u00fcseyin cabiri Ansari ve Suriye ziyaretinde ona e\u015flik eden heyeti kabul etti"},"content":{"rendered":"<p>Cumhurba\u015fkan\u0131 Be\u015f\u015far el Esad \u0130ran D\u0131\u015fi\u015fleri Bakan\u0131n\u0131n siyasi i\u015fler ba\u015f yard\u0131mc\u0131s\u0131 H\u00fcseyin cabiri Ansari ve Suriye ziyaretinde ona e\u015flik eden heyeti kabul etti<\/p>\n","protected":false},"excerpt":{"rendered":"<p>Cumhurba\u015fkan\u0131 Be\u015f\u015far el Esad \u0130ran D\u0131\u015fi\u015fleri Bakan\u0131n\u0131n siyasi i\u015fler ba\u015f yard\u0131mc\u0131s\u0131 H\u00fcseyin cabiri Ansari ve Suriye ziyaretinde ona e\u015flik eden heyeti kabul etti<\/p>\n","protected":false},"author":1,"featured_media":0,"comment_status":"closed","ping_status":"closed","sticky":false,"template":"","format":"standard","meta":{"footnotes":""},"categories":[17991],"tags":[],"class_list":["post-136583","post","type-post","status-publish","format-standard","","category-son-dakika"],"_links":{"self":[{"href":"https:\/\/archive.sana.sy\/tr\/index.php?rest_route=\/wp\/v2\/posts\/136583","targetHints":{"allow":["GET"]}}],"collection":[{"href":"https:\/\/archive.sana.sy\/tr\/index.php?rest_route=\/wp\/v2\/posts"}],"about":[{"href":"https:\/\/archive.sana.sy\/tr\/index.php?rest_route=\/wp\/v2\/types\/post"}],"author":[{"embeddable":true,"href":"https:\/\/archive.sana.sy\/tr\/index.php?rest_route=\/wp\/v2\/users\/1"}],"replies":[{"embeddable":true,"href":"https:\/\/archive.sana.sy\/tr\/index.php?rest_route=%2Fwp%2Fv2%2Fcomments&post=136583"}],"version-history":[{"count":0,"href":"https:\/\/archive.sana.sy\/tr\/index.php?rest_route=\/wp\/v2\/posts\/136583\/revisions"}],"wp:attachment":[{"href":"https:\/\/archive.sana.sy\/tr\/index.php?rest_route=%2Fwp%2Fv2%2Fmedia&parent=136583"}],"wp:term":[{"taxonomy":"category","embeddable":true,"href":"https:\/\/archive.sana.sy\/tr\/index.php?rest_route=%2Fwp%2Fv2%2Fcategories&post=136583"},{"taxonomy":"post_tag","embeddable":true,"href":"https:\/\/archive.sana.sy\/tr\/index.php?rest_route=%2Fwp%2Fv2%2Ftags&post=136583"}],"curies":[{"name":"wp","href":"https:\/\/api.w.org\/{rel}","templated":true}]}}