{"id":136587,"date":"2018-01-27T14:55:04","date_gmt":"2018-01-27T12:55:04","guid":{"rendered":"https:\/\/www.sana.sy\/tr\/?p=136587"},"modified":"2018-01-27T14:52:59","modified_gmt":"2018-01-27T12:52:59","slug":"gorusmede-el-esad-suriyelilerin-basta-iran-ve-rusya-olmak-uzere-dost-ve-muttefiklerle-birlikte-terore-karsi-mucadelelerini-azim-ve-kararlilikla-surdurduklerini-belirtirken-bu-mucadelenin-de-sadece-ve","status":"publish","type":"post","link":"https:\/\/archive.sana.sy\/tr\/?p=136587","title":{"rendered":"G\u00f6r\u00fc\u015fmede el Esad Suriyelilerin ba\u015fta \u0130ran ve Rusya olmak \u00fczere dost ve m\u00fcttefiklerle birlikte ter\u00f6re kar\u015f\u0131 m\u00fccadelelerini azim ve kararl\u0131l\u0131kla s\u00fcrd\u00fcrd\u00fcklerini belirtirken, bu m\u00fccadelenin de sadece ve sadece Suriyelilerin kararla\u015ft\u0131racaklar\u0131 bar\u0131\u015f\u00e7\u0131l \u00e7\u00f6z\u00fcm \u00f6n\u00fcnde yolu a\u00e7aca\u011f\u0131n\u0131 kaydetti"},"content":{"rendered":"<p>G\u00f6r\u00fc\u015fmede el Esad Suriyelilerin ba\u015fta \u0130ran ve Rusya olmak \u00fczere dost ve m\u00fcttefiklerle birlikte ter\u00f6re kar\u015f\u0131 m\u00fccadelelerini azim ve kararl\u0131l\u0131kla s\u00fcrd\u00fcrd\u00fcklerini belirtirken, bu m\u00fccadelenin de sadece ve sadece Suriyelilerin kararla\u015ft\u0131racaklar\u0131 bar\u0131\u015f\u00e7\u0131l \u00e7\u00f6z\u00fcm \u00f6n\u00fcnde yolu a\u00e7aca\u011f\u0131n\u0131 kaydetti<\/p>\n","protected":false},"excerpt":{"rendered":"<p>G\u00f6r\u00fc\u015fmede el Esad Suriyelilerin ba\u015fta \u0130ran ve Rusya olmak \u00fczere dost ve m\u00fcttefiklerle birlikte ter\u00f6re kar\u015f\u0131 m\u00fccadelelerini azim ve kararl\u0131l\u0131kla s\u00fcrd\u00fcrd\u00fcklerini belirtirken, bu m\u00fccadelenin de sadece ve sadece Suriyelilerin kararla\u015ft\u0131racaklar\u0131 bar\u0131\u015f\u00e7\u0131l \u00e7\u00f6z\u00fcm \u00f6n\u00fcnde yolu a\u00e7aca\u011f\u0131n\u0131 kaydetti<\/p>\n","protected":false},"author":1,"featured_media":0,"comment_status":"closed","ping_status":"closed","sticky":false,"template":"","format":"standard","meta":{"footnotes":""},"categories":[17991],"tags":[],"class_list":["post-136587","post","type-post","status-publish","format-standard","","category-son-dakika"],"_links":{"self":[{"href":"https:\/\/archive.sana.sy\/tr\/index.php?rest_route=\/wp\/v2\/posts\/136587","targetHints":{"allow":["GET"]}}],"collection":[{"href":"https:\/\/archive.sana.sy\/tr\/index.php?rest_route=\/wp\/v2\/posts"}],"about":[{"href":"https:\/\/archive.sana.sy\/tr\/index.php?rest_route=\/wp\/v2\/types\/post"}],"author":[{"embeddable":true,"href":"https:\/\/archive.sana.sy\/tr\/index.php?rest_route=\/wp\/v2\/users\/1"}],"replies":[{"embeddable":true,"href":"https:\/\/archive.sana.sy\/tr\/index.php?rest_route=%2Fwp%2Fv2%2Fcomments&post=136587"}],"version-history":[{"count":0,"href":"https:\/\/archive.sana.sy\/tr\/index.php?rest_route=\/wp\/v2\/posts\/136587\/revisions"}],"wp:attachment":[{"href":"https:\/\/archive.sana.sy\/tr\/index.php?rest_route=%2Fwp%2Fv2%2Fmedia&parent=136587"}],"wp:term":[{"taxonomy":"category","embeddable":true,"href":"https:\/\/archive.sana.sy\/tr\/index.php?rest_route=%2Fwp%2Fv2%2Fcategories&post=136587"},{"taxonomy":"post_tag","embeddable":true,"href":"https:\/\/archive.sana.sy\/tr\/index.php?rest_route=%2Fwp%2Fv2%2Ftags&post=136587"}],"curies":[{"name":"wp","href":"https:\/\/api.w.org\/{rel}","templated":true}]}}