{"id":136588,"date":"2018-01-27T15:03:12","date_gmt":"2018-01-27T13:03:12","guid":{"rendered":"https:\/\/www.sana.sy\/tr\/?p=136588"},"modified":"2018-01-28T12:34:55","modified_gmt":"2018-01-28T10:34:55","slug":"gundem-soci-konferansina-hazirlik-ve-erdogan-rejiminin-saldirisi","status":"publish","type":"post","link":"https:\/\/archive.sana.sy\/tr\/?p=136588","title":{"rendered":"G\u00fcndem So\u00e7i Konferans\u0131na Haz\u0131rl\u0131k ve Erdo\u011fan Rejiminin Sald\u0131r\u0131s\u0131"},"content":{"rendered":"<p>\u015eAM \u2013 Cumhurba\u015fkan\u0131 Be\u015f\u015far el Esad bug\u00fcn \u0130ran D\u0131\u015fi\u015fleri Bakan\u0131n\u0131n siyasi i\u015fler ba\u015fyard\u0131mc\u0131s\u0131 H\u00fcseyin Cabiri Ansari ve Suriye ziyaretinde ona e\u015flik eden heyeti kabul etti.<\/p>\n<p>\u00d6zellikle ter\u00f6rle m\u00fccadele olmak \u00fczere iki \u00fclke aras\u0131ndaki i\u015fbirli\u011fi ve stratejik ili\u015fkilerin muhtelif alanlarda geli\u015ftirilmesi \u00fczerine odaklan\u0131lan g\u00f6r\u00fc\u015fmede; So\u00e7i\u2019de d\u00fczenlenmesi beklenen Suriye Ulusal Diyalog Konferans\u0131n\u0131n ba\u015far\u0131l\u0131 olmas\u0131 amac\u0131yla y\u00fcr\u00fct\u00fclen \u00e7abalar ve haz\u0131rl\u0131klar masaya yat\u0131r\u0131ld\u0131.<\/p>\n<p><a href=\"https:\/\/www.sana.sy\/tr\/wp-content\/uploads\/2018\/01\/DSC08498.jpg\"><img loading=\"lazy\" decoding=\"async\" class=\"alignright wp-image-136593 size-medium\" src=\"https:\/\/www.sana.sy\/tr\/wp-content\/uploads\/2018\/01\/DSC08498-300x183.jpg\" alt=\"\" width=\"300\" height=\"183\" srcset=\"https:\/\/archive.sana.sy\/tr\/wp-content\/uploads\/2018\/01\/DSC08498-300x183.jpg 300w, https:\/\/archive.sana.sy\/tr\/wp-content\/uploads\/2018\/01\/DSC08498-150x92.jpg 150w, https:\/\/archive.sana.sy\/tr\/wp-content\/uploads\/2018\/01\/DSC08498-768x470.jpg 768w, https:\/\/archive.sana.sy\/tr\/wp-content\/uploads\/2018\/01\/DSC08498-1024x626.jpg 1024w\" sizes=\"auto, (max-width: 300px) 100vw, 300px\" \/><\/a>G\u00f6r\u00fc\u015fmede ayr\u0131ca T\u00fcrkiye rejiminin Suriye&#8217;ye kar\u015f\u0131 devam eden sald\u0131r\u0131lar\u0131 ve masum sivil vatanda\u015flara kar\u015f\u0131 bulundu\u011fu vah\u015fi katliamlar\u0131n tehlikesi de ele al\u0131nd\u0131. T\u00fcrkiye rejiminin Suriye topraklar\u0131n\u0131 bu sald\u0131r\u0131lar\u0131na son verme olanaklar\u0131n\u0131n da ele al\u0131nd\u0131\u011f\u0131 g\u00f6r\u00fc\u015fmede; T\u00fcrkiye rejiminin bu sald\u0131r\u0131lar\u0131ndan Suriye topraklar\u0131n\u0131 i\u015fgal etme, radikal ter\u00f6r \u00f6rg\u00fctlere destek verme ve Suriye&#8217;de nihai bir istikrar ve g\u00fcvenli\u011fin sa\u011flanmas\u0131n\u0131 hedefleyen siyasi \u00e7\u00f6z\u00fcm \u00e7abalar\u0131n\u0131 sabote etme ama\u00e7l\u0131 oldu\u011funa dikkat \u00e7ekildi.<\/p>\n<p>G\u00f6r\u00fc\u015fmede el Esad Suriyelilerin ba\u015fta \u0130ran ve Rusya olmak \u00fczere dost ve m\u00fcttefiklerle birlikte ter\u00f6re kar\u015f\u0131 m\u00fccadelelerini azim ve kararl\u0131l\u0131kla s\u00fcrd\u00fcrd\u00fcklerini belirtirken, bu m\u00fccadelenin de sadece ve sadece Suriyelilerin kararla\u015ft\u0131racaklar\u0131 bar\u0131\u015f\u00e7\u0131l \u00e7\u00f6z\u00fcm \u00f6n\u00fcnde yolu a\u00e7aca\u011f\u0131n\u0131 kaydetti.<\/p>\n<p>\u0130ranl\u0131 konuk heyet ba\u015fkan\u0131 Ansari \u0130ran\u2019\u0131n \u00f6zellikle ter\u00f6rle m\u00fccadele, istikrar ve g\u00fcvenli\u011fin t\u00fcm Suriye&#8217;de sa\u011flanmas\u0131 ve Suriye&#8217;nin yeniden yap\u0131land\u0131r\u0131lmas\u0131 olmak \u00fczere muhtelif y\u00f6nl\u00fc destek ve yard\u0131mlar\u0131n\u0131 s\u00fcrd\u00fcrece\u011finin alt\u0131n\u0131 \u00e7izdi.<\/p>\n<p>Di\u011fer yandan Ba\u015fbakan Yard\u0131mc\u0131s\u0131 D\u0131\u015fi\u015fleri ve Gurbet\u00e7iler Bakan\u0131 Velid Muallim Ansari ve ona e\u015flik eden heyet ile bir araya gelerek, Suriye ve b\u00f6lgedeki son geli\u015fmeleri masaya yat\u0131rd\u0131.<\/p>\n","protected":false},"excerpt":{"rendered":"<p>\u015eAM \u2013 Cumhurba\u015fkan\u0131 Be\u015f\u015far el Esad bug\u00fcn \u0130ran D\u0131\u015fi\u015fleri Bakan\u0131n\u0131n siyasi i\u015fler ba\u015fyard\u0131mc\u0131s\u0131 H\u00fcseyin Cabiri Ansari ve Suriye ziyaretinde ona e\u015flik eden heyeti kabul etti. \u00d6zellikle ter\u00f6rle m\u00fccadele olmak \u00fczere iki \u00fclke aras\u0131ndaki i\u015fbirli\u011fi ve stratejik ili\u015fkilerin muhtelif alanlarda geli\u015ftirilmesi \u00fczerine odaklan\u0131lan g\u00f6r\u00fc\u015fmede; So\u00e7i\u2019de d\u00fczenlenmesi beklenen Suriye Ulusal Diyalog Konferans\u0131n\u0131n ba\u015far\u0131l\u0131 olmas\u0131 amac\u0131yla y\u00fcr\u00fct\u00fclen \u00e7abalar &hellip;<\/p>\n","protected":false},"author":1,"featured_media":136591,"comment_status":"closed","ping_status":"closed","sticky":false,"template":"","format":"standard","meta":{"footnotes":""},"categories":[608,479,605,17988,2554,2555,478],"tags":[34542,19968,20113,1132,19094,16591,20976],"class_list":["post-136588","post","type-post","status-publish","format-standard","has-post-thumbnail","","category-etkinlikler","category-haberler-yerel","category-sayin-cumhurbaskani","category-son-haberler","category-suriye-ve-dunya","category-suriye-ve-turkiye","category-yerel","tag-afrin-operasyonu","tag-bessar-esad","tag-esad","tag-halep","tag-huseyin-cabiri-ansari","tag-suriye","tag-suriye-ve-iran"],"_links":{"self":[{"href":"https:\/\/archive.sana.sy\/tr\/index.php?rest_route=\/wp\/v2\/posts\/136588","targetHints":{"allow":["GET"]}}],"collection":[{"href":"https:\/\/archive.sana.sy\/tr\/index.php?rest_route=\/wp\/v2\/posts"}],"about":[{"href":"https:\/\/archive.sana.sy\/tr\/index.php?rest_route=\/wp\/v2\/types\/post"}],"author":[{"embeddable":true,"href":"https:\/\/archive.sana.sy\/tr\/index.php?rest_route=\/wp\/v2\/users\/1"}],"replies":[{"embeddable":true,"href":"https:\/\/archive.sana.sy\/tr\/index.php?rest_route=%2Fwp%2Fv2%2Fcomments&post=136588"}],"version-history":[{"count":0,"href":"https:\/\/archive.sana.sy\/tr\/index.php?rest_route=\/wp\/v2\/posts\/136588\/revisions"}],"wp:featuredmedia":[{"embeddable":true,"href":"https:\/\/archive.sana.sy\/tr\/index.php?rest_route=\/wp\/v2\/media\/136591"}],"wp:attachment":[{"href":"https:\/\/archive.sana.sy\/tr\/index.php?rest_route=%2Fwp%2Fv2%2Fmedia&parent=136588"}],"wp:term":[{"taxonomy":"category","embeddable":true,"href":"https:\/\/archive.sana.sy\/tr\/index.php?rest_route=%2Fwp%2Fv2%2Fcategories&post=136588"},{"taxonomy":"post_tag","embeddable":true,"href":"https:\/\/archive.sana.sy\/tr\/index.php?rest_route=%2Fwp%2Fv2%2Ftags&post=136588"}],"curies":[{"name":"wp","href":"https:\/\/api.w.org\/{rel}","templated":true}]}}