{"id":136603,"date":"2018-01-27T16:24:17","date_gmt":"2018-01-27T14:24:17","guid":{"rendered":"https:\/\/www.sana.sy\/tr\/?p=136603"},"modified":"2018-01-28T12:34:47","modified_gmt":"2018-01-28T10:34:47","slug":"beseri-ve-ekipman-acisindan-buyuk-kayiplara-ugratildilar","status":"publish","type":"post","link":"https:\/\/archive.sana.sy\/tr\/?p=136603","title":{"rendered":"Be\u015feri ve Ekipman A\u00e7\u0131s\u0131ndan B\u00fcy\u00fck Kay\u0131plara U\u011frat\u0131ld\u0131lar"},"content":{"rendered":"<p>\u0130LLER \u2013 Ordu birliklerimiz d\u0131\u015f g\u00fc\u00e7lerin Suriye ve halk\u0131na kar\u015f\u0131 sava\u015f\u0131nda edat olarak kullanmalar\u0131yla onlara desteklerini \u00f6rtbas etmek i\u00e7in \u2018muhalifler\u2019 olarak adland\u0131rd\u0131klar\u0131 Nusra Cephesi ve m\u00fcttefikleri ter\u00f6r \u00f6rg\u00fctlere kar\u015f\u0131 operasyonlarda bug\u00fcn ordu birliklerimiz yeni ba\u015far\u0131lara imza att\u0131.<\/p>\n<p><span style=\"color: #0000ff\">HALEP:<\/span><\/p>\n<p>Askeri bir kaynak m\u00fcttefik ve destek\u00e7i g\u00fc\u00e7lerle i\u015fbirli\u011fi i\u00e7inde Halep k\u0131rsal\u0131n\u0131n g\u00fcneyinde Nusra Cephesi ve m\u00fcttefiklerine kar\u015f\u0131 nitelikli operasyonlar\u0131n\u0131 s\u00fcrd\u00fcren ordu birliklerimizin bu radikal ter\u00f6ristleri say\u0131 ve ekipmanlar\u0131yla ciddi kay\u0131plara u\u011fratmalar\u0131 ard\u0131ndan Tarfavi Beldesinin bat\u0131s\u0131nda yer alan Vez Tepesini kurtard\u0131klar\u0131n\u0131 aktard\u0131.<\/p>\n<p>Kaynak ordu birliklerimizin stratejik \u00f6neme sahip tepeyi hemen ter\u00f6ristlerin yerle\u015ftirmi\u015f olduklar\u0131 bomba d\u00fczenekleri ve may\u0131nlardan temizleyip i\u00e7inde konu\u015fland\u0131klar\u0131na dikkat \u00e7ekti. Civar b\u00f6lgelere ka\u00e7an ter\u00f6ristleri kovalama operasyonlar\u0131n\u0131n ba\u015far\u0131yla devam etti\u011fini ifade eden kaynak; muhtelif t\u00fcr ara\u00e7lar\u0131yla birlikte olduk\u00e7a y\u00fcksek say\u0131da ter\u00f6ristin \u00f6ld\u00fcr\u00fcld\u00fc\u011f\u00fcn\u00fc kaydetti.<\/p>\n<p>\u00d6te yandan ter\u00f6r \u00f6rg\u00fctleri medya ara\u00e7lar\u0131nda Nusra Cephesinin en bariz komutanlar\u0131ndan biri say\u0131lan ve Halep b\u00f6lge askeri sorumlusu olarak adland\u0131r\u0131lan \u2018Atiyattullah\u2019 lakab\u0131yla bilinen az\u0131l\u0131 ter\u00f6r eleba\u015f\u0131n\u0131n me\u00e7hul ki\u015filer taraf\u0131ndan \u00f6ld\u00fcr\u00fcld\u00fc\u011f\u00fcn\u00fc itiraf etti.<\/p>\n<p>Bu arada Nusra Cephesi ve di\u011fer ter\u00f6r \u00f6rg\u00fctlerin son birka\u00e7 g\u00fcn i\u00e7inde ordu birliklerimiz kar\u015f\u0131s\u0131nda be\u015feri ve ekipman a\u00e7\u0131s\u0131ndan olduk\u00e7a b\u00fcy\u00fck kay\u0131plara u\u011framalar\u0131yla kendi aralar\u0131nda kar\u015f\u0131l\u0131kl\u0131 su\u00e7lamalarda bulunma, panik ve anla\u015fmazl\u0131klar\u0131n ciddi durumda t\u0131rmand\u0131\u011f\u0131 kaydedildi. Muhtelif kaynaklar bu anla\u015fmazl\u0131klar\u0131n bir\u00e7ok b\u00f6lgede ter\u00f6r \u00f6rg\u00fctleri aras\u0131nda silahl\u0131 \u00e7at\u0131\u015fmalara d\u00f6n\u00fc\u015ft\u00fcklerine dikkat \u00e7ekti.<\/p>\n<p><span style=\"color: #0000ff\">DEYREZZOR:<\/span><\/p>\n<p>G\u00fcn\u00fcn ilerleyen saatlerinde a\u00e7\u0131klama yapan askeri kaynak; ordu birliklerimizin destek\u00e7i g\u00fc\u00e7lerle i\u015fbirli\u011fi i\u00e7inde Deyrezzor k\u0131rsal\u0131n\u0131n g\u00fcneydo\u011fusu Meyadin ve Albukemal kentleri aras\u0131ndaki Cela K\u00f6y\u00fcnde askeri noktalara sald\u0131rmaya \u00e7al\u0131\u015fan I\u015e\u0130D\u2019li ter\u00f6ristlerle \u015fiddetli \u00e7at\u0131\u015fmalara girdiklerini ifade etti. Kaynak; \u00e7at\u0131\u015fmalarda \u00e7ok say\u0131da ter\u00f6ristin \u00f6l\u00fc ve yaral\u0131 d\u00fc\u015f\u00fcr\u00fcl\u00fcp havzalar\u0131nda bulunan silah ve m\u00fchimmatlar\u0131n\u0131n da imha edildi\u011fine dikkat \u00e7ekti.<\/p>\n","protected":false},"excerpt":{"rendered":"<p>\u0130LLER \u2013 Ordu birliklerimiz d\u0131\u015f g\u00fc\u00e7lerin Suriye ve halk\u0131na kar\u015f\u0131 sava\u015f\u0131nda edat olarak kullanmalar\u0131yla onlara desteklerini \u00f6rtbas etmek i\u00e7in \u2018muhalifler\u2019 olarak adland\u0131rd\u0131klar\u0131 Nusra Cephesi ve m\u00fcttefikleri ter\u00f6r \u00f6rg\u00fctlere kar\u015f\u0131 operasyonlarda bug\u00fcn ordu birliklerimiz yeni ba\u015far\u0131lara imza att\u0131. HALEP: Askeri bir kaynak m\u00fcttefik ve destek\u00e7i g\u00fc\u00e7lerle i\u015fbirli\u011fi i\u00e7inde Halep k\u0131rsal\u0131n\u0131n g\u00fcneyinde Nusra Cephesi ve m\u00fcttefiklerine kar\u015f\u0131 &hellip;<\/p>\n","protected":false},"author":1,"featured_media":136607,"comment_status":"closed","ping_status":"closed","sticky":false,"template":"","format":"standard","meta":{"footnotes":""},"categories":[479,575,17988,478],"tags":[3464,1132,11549,19034,22181,28327],"class_list":["post-136603","post","type-post","status-publish","format-standard","has-post-thumbnail","","category-haberler-yerel","category-olaylar-ve-gercekler","category-son-haberler","category-yerel","tag-nusra-cephesi","tag-halep","tag-suriye-ordusu","tag-suriyeli-muhalifler","tag-suriyeliler","tag-tahrir-el-sam"],"_links":{"self":[{"href":"https:\/\/archive.sana.sy\/tr\/index.php?rest_route=\/wp\/v2\/posts\/136603","targetHints":{"allow":["GET"]}}],"collection":[{"href":"https:\/\/archive.sana.sy\/tr\/index.php?rest_route=\/wp\/v2\/posts"}],"about":[{"href":"https:\/\/archive.sana.sy\/tr\/index.php?rest_route=\/wp\/v2\/types\/post"}],"author":[{"embeddable":true,"href":"https:\/\/archive.sana.sy\/tr\/index.php?rest_route=\/wp\/v2\/users\/1"}],"replies":[{"embeddable":true,"href":"https:\/\/archive.sana.sy\/tr\/index.php?rest_route=%2Fwp%2Fv2%2Fcomments&post=136603"}],"version-history":[{"count":0,"href":"https:\/\/archive.sana.sy\/tr\/index.php?rest_route=\/wp\/v2\/posts\/136603\/revisions"}],"wp:featuredmedia":[{"embeddable":true,"href":"https:\/\/archive.sana.sy\/tr\/index.php?rest_route=\/wp\/v2\/media\/136607"}],"wp:attachment":[{"href":"https:\/\/archive.sana.sy\/tr\/index.php?rest_route=%2Fwp%2Fv2%2Fmedia&parent=136603"}],"wp:term":[{"taxonomy":"category","embeddable":true,"href":"https:\/\/archive.sana.sy\/tr\/index.php?rest_route=%2Fwp%2Fv2%2Fcategories&post=136603"},{"taxonomy":"post_tag","embeddable":true,"href":"https:\/\/archive.sana.sy\/tr\/index.php?rest_route=%2Fwp%2Fv2%2Ftags&post=136603"}],"curies":[{"name":"wp","href":"https:\/\/api.w.org\/{rel}","templated":true}]}}