{"id":136718,"date":"2018-01-29T15:34:31","date_gmt":"2018-01-29T13:34:31","guid":{"rendered":"https:\/\/www.sana.sy\/tr\/?p=136718"},"modified":"2018-01-29T15:34:31","modified_gmt":"2018-01-29T13:34:31","slug":"suriye-ulusal-diyalog-kongresinin-duzenlendigi-soci-kentinden-kaynaklar-kongrenin-mutlak-bir-sekilde-suriyeliler-arasi-suriyeli-bir-kongre-oldugunu-sonuclarinin-da-bizzat-suriyeliler-arasindaki-uzla","status":"publish","type":"post","link":"https:\/\/archive.sana.sy\/tr\/?p=136718","title":{"rendered":"Suriye ulusal diyalog kongresinin d\u00fczenlendi\u011fi So\u00e7i Kentinden kaynaklar; kongrenin mutlak bir \u015fekilde Suriyeliler aras\u0131 Suriyeli bir kongre oldu\u011funu, sonu\u00e7lar\u0131n\u0131n da bizzat Suriyeliler aras\u0131ndaki uzla\u015fmalardan t\u00fcreyece\u011fini vurgulad\u0131"},"content":{"rendered":"<p>Suriye ulusal diyalog kongresinin d\u00fczenlendi\u011fi So\u00e7i Kentinden kaynaklar; kongrenin mutlak bir \u015fekilde Suriyeliler aras\u0131 Suriyeli bir kongre oldu\u011funu, sonu\u00e7lar\u0131n\u0131n da bizzat Suriyeliler aras\u0131ndaki uzla\u015fmalardan t\u00fcreyece\u011fini vurgulad\u0131<\/p>\n","protected":false},"excerpt":{"rendered":"<p>Suriye ulusal diyalog kongresinin d\u00fczenlendi\u011fi So\u00e7i Kentinden kaynaklar; kongrenin mutlak bir \u015fekilde Suriyeliler aras\u0131 Suriyeli bir kongre oldu\u011funu, sonu\u00e7lar\u0131n\u0131n da bizzat Suriyeliler aras\u0131ndaki uzla\u015fmalardan t\u00fcreyece\u011fini vurgulad\u0131<\/p>\n","protected":false},"author":1,"featured_media":0,"comment_status":"closed","ping_status":"closed","sticky":false,"template":"","format":"standard","meta":{"footnotes":""},"categories":[17991],"tags":[],"class_list":["post-136718","post","type-post","status-publish","format-standard","","category-son-dakika"],"_links":{"self":[{"href":"https:\/\/archive.sana.sy\/tr\/index.php?rest_route=\/wp\/v2\/posts\/136718","targetHints":{"allow":["GET"]}}],"collection":[{"href":"https:\/\/archive.sana.sy\/tr\/index.php?rest_route=\/wp\/v2\/posts"}],"about":[{"href":"https:\/\/archive.sana.sy\/tr\/index.php?rest_route=\/wp\/v2\/types\/post"}],"author":[{"embeddable":true,"href":"https:\/\/archive.sana.sy\/tr\/index.php?rest_route=\/wp\/v2\/users\/1"}],"replies":[{"embeddable":true,"href":"https:\/\/archive.sana.sy\/tr\/index.php?rest_route=%2Fwp%2Fv2%2Fcomments&post=136718"}],"version-history":[{"count":0,"href":"https:\/\/archive.sana.sy\/tr\/index.php?rest_route=\/wp\/v2\/posts\/136718\/revisions"}],"wp:attachment":[{"href":"https:\/\/archive.sana.sy\/tr\/index.php?rest_route=%2Fwp%2Fv2%2Fmedia&parent=136718"}],"wp:term":[{"taxonomy":"category","embeddable":true,"href":"https:\/\/archive.sana.sy\/tr\/index.php?rest_route=%2Fwp%2Fv2%2Fcategories&post=136718"},{"taxonomy":"post_tag","embeddable":true,"href":"https:\/\/archive.sana.sy\/tr\/index.php?rest_route=%2Fwp%2Fv2%2Ftags&post=136718"}],"curies":[{"name":"wp","href":"https:\/\/api.w.org\/{rel}","templated":true}]}}