{"id":136840,"date":"2018-01-30T11:37:24","date_gmt":"2018-01-30T09:37:24","guid":{"rendered":"https:\/\/www.sana.sy\/tr\/?p=136840"},"modified":"2018-01-30T11:37:24","modified_gmt":"2018-01-30T09:37:24","slug":"suriye-ulusal-diyalog-kongresinin-suriye-halkinin-muhtelif-kesimleri-ve-bilesenlerine-ilaveten-yurtdisi-muhalefeti-temsil-eden-1500den-fazla-sahsiyetin-katilimiyla-faaliyetlerine-basladi","status":"publish","type":"post","link":"https:\/\/archive.sana.sy\/tr\/?p=136840","title":{"rendered":"Suriye Ulusal Diyalog Kongresinin Suriye halk\u0131n\u0131n muhtelif kesimleri ve bile\u015fenlerine ilaveten yurtd\u0131\u015f\u0131 muhalefeti temsil eden 1500\u2019den fazla \u015fahsiyetin kat\u0131l\u0131m\u0131yla faaliyetlerine ba\u015flad\u0131"},"content":{"rendered":"<p>Suriye Ulusal Diyalog Kongresinin Suriye halk\u0131n\u0131n muhtelif kesimleri ve bile\u015fenlerine ilaveten yurtd\u0131\u015f\u0131 muhalefeti temsil eden 1500\u2019den fazla \u015fahsiyetin kat\u0131l\u0131m\u0131yla faaliyetlerine ba\u015flad\u0131<\/p>\n","protected":false},"excerpt":{"rendered":"<p>Suriye Ulusal Diyalog Kongresinin Suriye halk\u0131n\u0131n muhtelif kesimleri ve bile\u015fenlerine ilaveten yurtd\u0131\u015f\u0131 muhalefeti temsil eden 1500\u2019den fazla \u015fahsiyetin kat\u0131l\u0131m\u0131yla faaliyetlerine ba\u015flad\u0131<\/p>\n","protected":false},"author":1,"featured_media":0,"comment_status":"closed","ping_status":"closed","sticky":false,"template":"","format":"standard","meta":{"footnotes":""},"categories":[17991],"tags":[],"class_list":["post-136840","post","type-post","status-publish","format-standard","","category-son-dakika"],"_links":{"self":[{"href":"https:\/\/archive.sana.sy\/tr\/index.php?rest_route=\/wp\/v2\/posts\/136840","targetHints":{"allow":["GET"]}}],"collection":[{"href":"https:\/\/archive.sana.sy\/tr\/index.php?rest_route=\/wp\/v2\/posts"}],"about":[{"href":"https:\/\/archive.sana.sy\/tr\/index.php?rest_route=\/wp\/v2\/types\/post"}],"author":[{"embeddable":true,"href":"https:\/\/archive.sana.sy\/tr\/index.php?rest_route=\/wp\/v2\/users\/1"}],"replies":[{"embeddable":true,"href":"https:\/\/archive.sana.sy\/tr\/index.php?rest_route=%2Fwp%2Fv2%2Fcomments&post=136840"}],"version-history":[{"count":0,"href":"https:\/\/archive.sana.sy\/tr\/index.php?rest_route=\/wp\/v2\/posts\/136840\/revisions"}],"wp:attachment":[{"href":"https:\/\/archive.sana.sy\/tr\/index.php?rest_route=%2Fwp%2Fv2%2Fmedia&parent=136840"}],"wp:term":[{"taxonomy":"category","embeddable":true,"href":"https:\/\/archive.sana.sy\/tr\/index.php?rest_route=%2Fwp%2Fv2%2Fcategories&post=136840"},{"taxonomy":"post_tag","embeddable":true,"href":"https:\/\/archive.sana.sy\/tr\/index.php?rest_route=%2Fwp%2Fv2%2Ftags&post=136840"}],"curies":[{"name":"wp","href":"https:\/\/api.w.org\/{rel}","templated":true}]}}