{"id":136845,"date":"2018-01-30T11:57:03","date_gmt":"2018-01-30T09:57:03","guid":{"rendered":"https:\/\/www.sana.sy\/tr\/?p=136845"},"modified":"2018-01-31T16:33:59","modified_gmt":"2018-01-31T14:33:59","slug":"abd-teroru-destekleyip-kullanmaya-devam-ediyor","status":"publish","type":"post","link":"https:\/\/archive.sana.sy\/tr\/?p=136845","title":{"rendered":"ABD Ter\u00f6r\u00fc Destekleyip Kullanmaya Devam Ediyor"},"content":{"rendered":"<p>TAHRAN \u2013 \u0130ran \u0130slam Devrimi Lideri Seyit Ali Haminei, Suriye ve Irak\u2019ta I\u015e\u0130D\u2019i te\u015fkil edip b\u00f6lge ve halklar\u0131n\u0131 hedef alan planlar\u0131nda edat olarak kullanan g\u00fc\u00e7lerin bizzat kendilerinin bu ter\u00f6r \u00f6rg\u00fct\u00fcn\u00fcn az\u0131l\u0131 eleba\u015flar\u0131 ve ter\u00f6ristlerini kurtar\u0131p askeri u\u00e7aklarla ba\u015fka b\u00f6lgelere aktard\u0131klar\u0131n\u0131 belirtti.<\/p>\n<p>Tahran\u2019da yapt\u0131\u011f\u0131 konferans konu\u015fmas\u0131nda Haminei; ABD\u2019nin destekledi\u011fi radikal ter\u00f6ristlerin sadece Suriye ve Irak\u2019\u0131 de\u011fil, t\u00fcm b\u00f6lge halklar\u0131n\u0131 istisnas\u0131z bir \u015fekilde hedef ald\u0131klar\u0131n\u0131 kaydetti.<\/p>\n<p>Haminei ABD ve m\u00fcttefiklerinin b\u00f6lge devletleri ve halklar\u0131n\u0131n dikkatini \u0130srail ve Filistin davas\u0131ndan uzak tutmakla birlikte hegemonya sa\u011flama, ekonomi ve siyasi hedeflerini hayata ge\u00e7irme amac\u0131yla Ortado\u011fu\u2019da radikal ter\u00f6r\u00fc destekleyip edat kullanmaya devam etti\u011finin alt\u0131n\u0131 \u00e7izdi.<\/p>\n","protected":false},"excerpt":{"rendered":"<p>TAHRAN \u2013 \u0130ran \u0130slam Devrimi Lideri Seyit Ali Haminei, Suriye ve Irak\u2019ta I\u015e\u0130D\u2019i te\u015fkil edip b\u00f6lge ve halklar\u0131n\u0131 hedef alan planlar\u0131nda edat olarak kullanan g\u00fc\u00e7lerin bizzat kendilerinin bu ter\u00f6r \u00f6rg\u00fct\u00fcn\u00fcn az\u0131l\u0131 eleba\u015flar\u0131 ve ter\u00f6ristlerini kurtar\u0131p askeri u\u00e7aklarla ba\u015fka b\u00f6lgelere aktard\u0131klar\u0131n\u0131 belirtti. Tahran\u2019da yapt\u0131\u011f\u0131 konferans konu\u015fmas\u0131nda Haminei; ABD\u2019nin destekledi\u011fi radikal ter\u00f6ristlerin sadece Suriye ve Irak\u2019\u0131 de\u011fil, &hellip;<\/p>\n","protected":false},"author":1,"featured_media":136847,"comment_status":"closed","ping_status":"closed","sticky":false,"template":"","format":"standard","meta":{"footnotes":""},"categories":[458,459,17988],"tags":[20870,6737,2318,34695,5614,25920,19389],"class_list":["post-136845","post","type-post","status-publish","format-standard","has-post-thumbnail","","category-dunya1","category-haberler-arap-uluslararasi-politika","category-son-haberler","tag-ali-haminei","tag-filistin","tag-isid","tag-islam-devrimi-lideri","tag-israil","tag-ortadogu","tag-terore-destek"],"_links":{"self":[{"href":"https:\/\/archive.sana.sy\/tr\/index.php?rest_route=\/wp\/v2\/posts\/136845","targetHints":{"allow":["GET"]}}],"collection":[{"href":"https:\/\/archive.sana.sy\/tr\/index.php?rest_route=\/wp\/v2\/posts"}],"about":[{"href":"https:\/\/archive.sana.sy\/tr\/index.php?rest_route=\/wp\/v2\/types\/post"}],"author":[{"embeddable":true,"href":"https:\/\/archive.sana.sy\/tr\/index.php?rest_route=\/wp\/v2\/users\/1"}],"replies":[{"embeddable":true,"href":"https:\/\/archive.sana.sy\/tr\/index.php?rest_route=%2Fwp%2Fv2%2Fcomments&post=136845"}],"version-history":[{"count":0,"href":"https:\/\/archive.sana.sy\/tr\/index.php?rest_route=\/wp\/v2\/posts\/136845\/revisions"}],"wp:featuredmedia":[{"embeddable":true,"href":"https:\/\/archive.sana.sy\/tr\/index.php?rest_route=\/wp\/v2\/media\/136847"}],"wp:attachment":[{"href":"https:\/\/archive.sana.sy\/tr\/index.php?rest_route=%2Fwp%2Fv2%2Fmedia&parent=136845"}],"wp:term":[{"taxonomy":"category","embeddable":true,"href":"https:\/\/archive.sana.sy\/tr\/index.php?rest_route=%2Fwp%2Fv2%2Fcategories&post=136845"},{"taxonomy":"post_tag","embeddable":true,"href":"https:\/\/archive.sana.sy\/tr\/index.php?rest_route=%2Fwp%2Fv2%2Ftags&post=136845"}],"curies":[{"name":"wp","href":"https:\/\/api.w.org\/{rel}","templated":true}]}}