{"id":136846,"date":"2018-01-30T13:36:24","date_gmt":"2018-01-30T11:36:24","guid":{"rendered":"https:\/\/www.sana.sy\/tr\/?p=136846"},"modified":"2018-01-31T16:33:43","modified_gmt":"2018-01-31T14:33:43","slug":"talih-tanrisinin-tapinagi-onariliyor","status":"publish","type":"post","link":"https:\/\/archive.sana.sy\/tr\/?p=136846","title":{"rendered":"Talih Tanr\u0131s\u0131n\u0131n Tap\u0131na\u011f\u0131 Onar\u0131l\u0131yor"},"content":{"rendered":"<p>DERA \u2013 Dera \u0130l Arkeoloji M\u00fcd\u00fcrl\u00fc\u011f\u00fc tarihi MS 191 y\u0131l\u0131na dayanan ve Suriye&#8217;de yap\u0131 \u00f6rne\u011fi a\u00e7\u0131s\u0131ndan b\u00fcy\u00fck bir tarihi \u00f6nem ta\u015f\u0131yan Tiyka Tap\u0131na\u011f\u0131n\u0131 onarma \u00e7al\u0131\u015fmalar\u0131 ba\u015flatt\u0131.<\/p>\n<p>\u0130l Arkeoloji M\u00fcd\u00fcr\u00fc Muhammed el Nasrullah; yunan mitolojisinde talih tanr\u0131s\u0131 say\u0131lan ve o d\u00f6nemde para \u00fczerinde fig\u00fcr\u00fc yer alan tanr\u0131 i\u00e7in in\u015fa edilen tap\u0131na\u011f\u0131n, Dera Kenti ile \u015eam aras\u0131nda yer alan Sanamayn Kenti ortas\u0131nda yer almas\u0131yla turizm a\u00e7\u0131s\u0131ndan \u00f6nemli bir mevki niteli\u011finde oldu\u011funu belirtti.<\/p>\n<p>Nasrullah tap\u0131na\u011f\u0131n Sanamayn Folklor M\u00fczesi ya da Arkeoloji M\u00fczesine d\u00f6n\u00fc\u015ft\u00fcr\u00fclmesi plan\u0131n\u0131n yap\u0131ld\u0131\u011f\u0131na dikkat \u00e7ekti.<\/p>\n","protected":false},"excerpt":{"rendered":"<p>DERA \u2013 Dera \u0130l Arkeoloji M\u00fcd\u00fcrl\u00fc\u011f\u00fc tarihi MS 191 y\u0131l\u0131na dayanan ve Suriye&#8217;de yap\u0131 \u00f6rne\u011fi a\u00e7\u0131s\u0131ndan b\u00fcy\u00fck bir tarihi \u00f6nem ta\u015f\u0131yan Tiyka Tap\u0131na\u011f\u0131n\u0131 onarma \u00e7al\u0131\u015fmalar\u0131 ba\u015flatt\u0131. \u0130l Arkeoloji M\u00fcd\u00fcr\u00fc Muhammed el Nasrullah; yunan mitolojisinde talih tanr\u0131s\u0131 say\u0131lan ve o d\u00f6nemde para \u00fczerinde fig\u00fcr\u00fc yer alan tanr\u0131 i\u00e7in in\u015fa edilen tap\u0131na\u011f\u0131n, Dera Kenti ile \u015eam aras\u0131nda &hellip;<\/p>\n","protected":false},"author":1,"featured_media":136849,"comment_status":"closed","ping_status":"closed","sticky":false,"template":"","format":"standard","meta":{"footnotes":""},"categories":[516,479,511,17988,2553,478],"tags":[33318,1295,16591,34697,34696,34698],"class_list":["post-136846","post","type-post","status-publish","format-standard","has-post-thumbnail","","category-haberler-kultur-ve-sanat","category-haberler-yerel","category-kultur-ve-sanat","category-son-haberler","category-turizm","category-yerel","tag-arkeoloji","tag-dera","tag-suriye","tag-suriye-tarihi-eserler","tag-talih-tanrisi","tag-yunan-miteolojisi"],"_links":{"self":[{"href":"https:\/\/archive.sana.sy\/tr\/index.php?rest_route=\/wp\/v2\/posts\/136846","targetHints":{"allow":["GET"]}}],"collection":[{"href":"https:\/\/archive.sana.sy\/tr\/index.php?rest_route=\/wp\/v2\/posts"}],"about":[{"href":"https:\/\/archive.sana.sy\/tr\/index.php?rest_route=\/wp\/v2\/types\/post"}],"author":[{"embeddable":true,"href":"https:\/\/archive.sana.sy\/tr\/index.php?rest_route=\/wp\/v2\/users\/1"}],"replies":[{"embeddable":true,"href":"https:\/\/archive.sana.sy\/tr\/index.php?rest_route=%2Fwp%2Fv2%2Fcomments&post=136846"}],"version-history":[{"count":0,"href":"https:\/\/archive.sana.sy\/tr\/index.php?rest_route=\/wp\/v2\/posts\/136846\/revisions"}],"wp:featuredmedia":[{"embeddable":true,"href":"https:\/\/archive.sana.sy\/tr\/index.php?rest_route=\/wp\/v2\/media\/136849"}],"wp:attachment":[{"href":"https:\/\/archive.sana.sy\/tr\/index.php?rest_route=%2Fwp%2Fv2%2Fmedia&parent=136846"}],"wp:term":[{"taxonomy":"category","embeddable":true,"href":"https:\/\/archive.sana.sy\/tr\/index.php?rest_route=%2Fwp%2Fv2%2Fcategories&post=136846"},{"taxonomy":"post_tag","embeddable":true,"href":"https:\/\/archive.sana.sy\/tr\/index.php?rest_route=%2Fwp%2Fv2%2Ftags&post=136846"}],"curies":[{"name":"wp","href":"https:\/\/api.w.org\/{rel}","templated":true}]}}