{"id":136851,"date":"2018-01-30T13:30:34","date_gmt":"2018-01-30T11:30:34","guid":{"rendered":"https:\/\/www.sana.sy\/tr\/?p=136851"},"modified":"2018-01-31T16:33:50","modified_gmt":"2018-01-31T14:33:50","slug":"katilimcilar-kongre-baskanlik-heyetini-secti","status":"publish","type":"post","link":"https:\/\/archive.sana.sy\/tr\/?p=136851","title":{"rendered":"Kat\u0131l\u0131mc\u0131lar Kongre Ba\u015fkanl\u0131k Heyetini Se\u00e7ti"},"content":{"rendered":"<p>SO\u00c7\u0130 \u2013 Rusya&#8217;n\u0131n So\u00e7i Kentinde d\u00fczenlenen Suriye ulusal diyalog kongresi kat\u0131l\u0131mc\u0131lar; kongre ba\u015fkanl\u0131k heyetini se\u00e7ti.<\/p>\n<p>Kongre heyetinde Gassan Kalla, Safvan Kudsi, Muhammed Mahir Kabakiybi, Cemal Kadiri, Meys Kreydi, Emel Yaz\u0131c\u0131, Riyad Tavuz, Kadri Cemil, Heysam Menna, Ahmet Cerba ve Rende Ksays olmak \u00fczere yurti\u00e7i ve yurtd\u0131\u015f\u0131 muhalefet olu\u015fumlar\u0131 temsilcileri i\u00e7erdi.<\/p>\n<p>Kongre heyetin se\u00e7ilmesi ard\u0131ndan bir araya gelerek Safvan Kudsi\u2019yi heyet ba\u015fkan\u0131, Muhammed Mahir Kabakiybi\u2019yi ba\u015fkan yard\u0131mc\u0131s\u0131, Meys Kreydi\u2019yi de kongre koordinat\u00f6r\u00fc olarak se\u00e7ti.<\/p>\n<p>So\u00e7i Kongresi kat\u0131l\u0131mc\u0131lar\u0131 ayr\u0131ca kongre organizat\u00f6r ve oylama g\u00f6zetmen komitelerini se\u00e7ti.<\/p>\n<p>Oylama g\u00f6zetmeni komitesinde Elan Bekk\u00fcr, Mav\u2019id Nas\u0131r, Hassan Muhammed, Munir Saudi Salah Asaad, Saji Taameh, Ra\u2019ed al-\u011eadban, Muhammed \u0130zzat Arabi Katibi, Muhanned \u011eanim, Saad Lustan ve Bessam al-Battar yer ald\u0131.<\/p>\n<p>Organizat\u00f6r komitede ise Be\u015f\u015far Mutlak, Halit Halit Hazel, R\u0131dvan Mustafa, Muhammed Tiynavi, Miyrna Delale, Muhammed Zahir el Yusufi, Mazin Hamdi, Ali el Asi, Vas\u0131f el Zab ve Mustafa Salih yer al\u0131yor.<\/p>\n","protected":false},"excerpt":{"rendered":"<p>SO\u00c7\u0130 \u2013 Rusya&#8217;n\u0131n So\u00e7i Kentinde d\u00fczenlenen Suriye ulusal diyalog kongresi kat\u0131l\u0131mc\u0131lar; kongre ba\u015fkanl\u0131k heyetini se\u00e7ti. Kongre heyetinde Gassan Kalla, Safvan Kudsi, Muhammed Mahir Kabakiybi, Cemal Kadiri, Meys Kreydi, Emel Yaz\u0131c\u0131, Riyad Tavuz, Kadri Cemil, Heysam Menna, Ahmet Cerba ve Rende Ksays olmak \u00fczere yurti\u00e7i ve yurtd\u0131\u015f\u0131 muhalefet olu\u015fumlar\u0131 temsilcileri i\u00e7erdi. Kongre heyetin se\u00e7ilmesi ard\u0131ndan bir &hellip;<\/p>\n","protected":false},"author":1,"featured_media":136853,"comment_status":"closed","ping_status":"closed","sticky":false,"template":"","format":"standard","meta":{"footnotes":""},"categories":[458,459,17988],"tags":[34693,34699,12240,19034],"class_list":["post-136851","post","type-post","status-publish","format-standard","has-post-thumbnail","","category-dunya1","category-haberler-arap-uluslararasi-politika","category-son-haberler","tag-soci-kongresi","tag-suriye-diyalog-kongresi","tag-suriye-hukumeti","tag-suriyeli-muhalifler"],"_links":{"self":[{"href":"https:\/\/archive.sana.sy\/tr\/index.php?rest_route=\/wp\/v2\/posts\/136851","targetHints":{"allow":["GET"]}}],"collection":[{"href":"https:\/\/archive.sana.sy\/tr\/index.php?rest_route=\/wp\/v2\/posts"}],"about":[{"href":"https:\/\/archive.sana.sy\/tr\/index.php?rest_route=\/wp\/v2\/types\/post"}],"author":[{"embeddable":true,"href":"https:\/\/archive.sana.sy\/tr\/index.php?rest_route=\/wp\/v2\/users\/1"}],"replies":[{"embeddable":true,"href":"https:\/\/archive.sana.sy\/tr\/index.php?rest_route=%2Fwp%2Fv2%2Fcomments&post=136851"}],"version-history":[{"count":0,"href":"https:\/\/archive.sana.sy\/tr\/index.php?rest_route=\/wp\/v2\/posts\/136851\/revisions"}],"wp:featuredmedia":[{"embeddable":true,"href":"https:\/\/archive.sana.sy\/tr\/index.php?rest_route=\/wp\/v2\/media\/136853"}],"wp:attachment":[{"href":"https:\/\/archive.sana.sy\/tr\/index.php?rest_route=%2Fwp%2Fv2%2Fmedia&parent=136851"}],"wp:term":[{"taxonomy":"category","embeddable":true,"href":"https:\/\/archive.sana.sy\/tr\/index.php?rest_route=%2Fwp%2Fv2%2Fcategories&post=136851"},{"taxonomy":"post_tag","embeddable":true,"href":"https:\/\/archive.sana.sy\/tr\/index.php?rest_route=%2Fwp%2Fv2%2Ftags&post=136851"}],"curies":[{"name":"wp","href":"https:\/\/api.w.org\/{rel}","templated":true}]}}